{"id":191897,"date":"2025-06-20T21:25:42","date_gmt":"2025-06-20T21:25:42","guid":{"rendered":"https:\/\/www.europesays.com\/fr\/191897\/"},"modified":"2025-06-20T21:25:42","modified_gmt":"2025-06-20T21:25:42","slug":"cest-une-galere-sans-nom-apres-dix-semaines-sans-ascenseur-la-grogne-monte-a-tous-les-etages-dans-cet-immeuble-de-saint-raphael","status":"publish","type":"post","link":"https:\/\/www.europesays.com\/fr\/191897\/","title":{"rendered":"\u00ab\u00a0C\u2019est une gal\u00e8re sans nom\u00a0\u00bb: apr\u00e8s dix semaines sans ascenseur, la grogne monte \u00e0 tous les \u00e9tages dans cet immeuble de Saint-Rapha\u00ebl"},"content":{"rendered":"<p>Le probl\u00e8me perdure, et semble bien parti pour durer encore, tant le souci para\u00eet inextricable, \u00e0 en croire les diff\u00e9rents intervenants, dont le syndic Foncia, qui dit pourtant \u00ab\u00a0travailler d\u2019arrache-pied pour r\u00e9gler la situation\u00a0\u00bb.<\/p>\n<p>Ce calvaire quotidien, de vivre avec un ascenseur \u00e0 l\u2019arr\u00eat depuis bient\u00f4t trois mois, c\u2019est celui que vivent des dizaines de r\u00e9sidents de l\u2019immeuble le Monts\u00e9gur, \u00e0 l\u2019entr\u00e9e C du 68 avenue Eug\u00e8ne-F\u00e9lix, en centre-ville de Saint-Rapha\u00ebl. Nous nous en faisions d\u00e9j\u00e0 l\u2019\u00e9cho dans votre journal du jeudi 15 mai, apr\u00e8s six semaines sans ascenseur.<\/p>\n<p>\u00ab\u00a0Beaucoup de personnes habitant ici sont pour la plupart \u00e2g\u00e9es, et m\u00eame certaines handicap\u00e9es. Ces personnes sont clo\u00eetr\u00e9es depuis. Elles se font livrer, mais ce n\u2019est pas une vie\u00a0\u00bb, d\u00e9plore Michel, l\u2019un des voisins en col\u00e8re, qui d\u00e9nonce \u00ab\u00a0l\u2019incomp\u00e9tence\u00a0\u00bb de la part du syndic et de l\u2019ascensoriste, l\u2019entreprise Ilex.<\/p>\n<p>\u00ab\u00a0Aucun engagement ne semble avoir \u00e9t\u00e9 tenu\u00a0\u00bb<\/p>\n<p><a href=\"https:\/\/www.varmatin.com\/vie-locale\/sans-ascenseur-depuis-six-semaines-la-colere-monte-985783\" rel=\"nofollow noopener\" target=\"_blank\">Ces derniers disaient pourtant, dans notre \u00e9dition pr\u00e9c\u00e9dente<\/a>, chercher \u00ab\u00a0une solution rapide et efficace\u00a0\u00bb pour r\u00e9gler le probl\u00e8me. \u00ab\u00a0Malheureusement, aucun engagement ne semble avoir \u00e9t\u00e9 tenu, enrage un autre Michel. Par exemple, il y a une dame \u00e2g\u00e9e de 95 ans qui, apr\u00e8s avoir lou\u00e9 un studio, en attendant la r\u00e9paration, va devoir remonter sur Paris et \u00e9courter son s\u00e9jour \u00e0 Saint-Rapha\u00ebl.\u00a0\u00bb<\/p>\n<p>\u00ab\u00a0A l&rsquo;avant-dernier \u00e9tage, il y a un couple qui a des enfants tr\u00e8s jeunes. C\u2019est une gal\u00e8re sans nom pour descendre et remonter, sans parler de la poussette, des courses\u2026\u00a0\u00bb, alarme Christine, une autre voisine. D\u2019o\u00f9 vient le souci? Le syndic affirme travailler sur plusieurs possibilit\u00e9s\u2026<\/p>\n<p>            \u00ab\u00a0Le chiffrage des travaux est en cours\u00a0\u00bb<\/p>\n<p>\u00ab\u00a0A la suite de blocages inopin\u00e9s de l\u2019ascenseur en raison de variations inexpliqu\u00e9es sur le r\u00e9seau \u00e9lectrique, et suite \u00e0 l\u2019intervention de la soci\u00e9t\u00e9 d\u2019entretien de l\u2019ascenseur, Foncia, en sa qualit\u00e9 de syndic, avait d\u00e9cid\u00e9 la mise \u00e0 l\u2019arr\u00eat de l\u2019appareil afin de garantir la s\u00e9curit\u00e9 des habitants\u00a0\u00bb, rappelle en pr\u00e9ambule Foncia.<\/p>\n<p>Et d\u00e9taille: \u00ab\u00a0Le 27 mai dernier, un technicien d\u2019Enedis est intervenu au sein de la r\u00e9sidence pour proc\u00e9der \u00e0 une s\u00e9rie de v\u00e9rifications approfondies. Plusieurs contr\u00f4les ont \u00e9t\u00e9 r\u00e9alis\u00e9s, aussi bien sur les r\u00e9seaux des parties communes que des parties privatives, et ont mis en \u00e9vidence un dysfonctionnement provenant d\u2019un c\u00e2blage d\u00e9fectueux sur le r\u00e9seau interne. Dans ce cadre, et en coordination avec l\u2019ascensoriste et l\u2019\u00e9lectricien, il a \u00e9t\u00e9 pr\u00e9conis\u00e9 d\u2019isoler l\u2019alimentation de l\u2019ascenseur du b\u00e2timent C et de se repiquer sur celle du b\u00e2timent B. Cette solution constitue \u00e0 ce jour le moyen le plus s\u00fbr de garantir une alimentation fiable de l\u2019appareil.\u00a0Parall\u00e8lement, la possibilit\u00e9 d\u2019installer un onduleur a \u00e9galement \u00e9t\u00e9 \u00e9tudi\u00e9e. Cette solution va faire l\u2019objet d\u2019un chiffrage, mais d\u2019apr\u00e8s les premiers \u00e9changes entre Enedis, l\u2019\u00e9lectricien et l\u2019ascensoriste, il s\u2019agirait d\u2019une option interm\u00e9diaire, tr\u00e8s co\u00fbteuse et peu fiable sur le long terme. [&#8230;] \u00c0 ce jour, le chiffrage des travaux est en cours par l\u2019\u00e9lectricien avec un devis attendu dans les prochains jours et qui sera \u00e9tudi\u00e9 par les copropri\u00e9taires de la r\u00e9sidence, qui restent d\u00e9cisionnaires sur le sujet.\u00a0\u00bb<\/p>\n<p>\u00c0 suivre&#8230;<\/p>\n","protected":false},"excerpt":{"rendered":"Le probl\u00e8me perdure, et semble bien parti pour durer encore, tant le souci para\u00eet inextricable, \u00e0 en croire&hellip;\n","protected":false},"author":2,"featured_media":191898,"comment_status":"","ping_status":"","sticky":false,"template":"","format":"standard","meta":{"footnotes":""},"categories":[9587],"tags":[1111,11,1777,674,1011,27,12,5161,25,9590,3366],"class_list":{"0":"post-191897","1":"post","2":"type-post","3":"status-publish","4":"format-standard","5":"has-post-thumbnail","7":"category-rouen","8":"tag-actu","9":"tag-actualites","10":"tag-eu","11":"tag-europe","12":"tag-fr","13":"tag-france","14":"tag-news","15":"tag-normandie","16":"tag-republique-francaise","17":"tag-rouen","18":"tag-vie-locale"},"share_on_mastodon":{"url":"https:\/\/pubeurope.com\/@fr\/114717807343841139","error":""},"_links":{"self":[{"href":"https:\/\/www.europesays.com\/fr\/wp-json\/wp\/v2\/posts\/191897","targetHints":{"allow":["GET"]}}],"collection":[{"href":"https:\/\/www.europesays.com\/fr\/wp-json\/wp\/v2\/posts"}],"about":[{"href":"https:\/\/www.europesays.com\/fr\/wp-json\/wp\/v2\/types\/post"}],"author":[{"embeddable":true,"href":"https:\/\/www.europesays.com\/fr\/wp-json\/wp\/v2\/users\/2"}],"replies":[{"embeddable":true,"href":"https:\/\/www.europesays.com\/fr\/wp-json\/wp\/v2\/comments?post=191897"}],"version-history":[{"count":0,"href":"https:\/\/www.europesays.com\/fr\/wp-json\/wp\/v2\/posts\/191897\/revisions"}],"wp:featuredmedia":[{"embeddable":true,"href":"https:\/\/www.europesays.com\/fr\/wp-json\/wp\/v2\/media\/191898"}],"wp:attachment":[{"href":"https:\/\/www.europesays.com\/fr\/wp-json\/wp\/v2\/media?parent=191897"}],"wp:term":[{"taxonomy":"category","embeddable":true,"href":"https:\/\/www.europesays.com\/fr\/wp-json\/wp\/v2\/categories?post=191897"},{"taxonomy":"post_tag","embeddable":true,"href":"https:\/\/www.europesays.com\/fr\/wp-json\/wp\/v2\/tags?post=191897"}],"curies":[{"name":"wp","href":"https:\/\/api.w.org\/{rel}","templated":true}]}}