{"id":1919,"date":"2025-04-04T05:14:48","date_gmt":"2025-04-04T05:14:48","guid":{"rendered":"https:\/\/www.europesays.com\/fr\/1919\/"},"modified":"2025-04-04T05:14:48","modified_gmt":"2025-04-04T05:14:48","slug":"pistons-bielles-et-si-vous-craquiez-pour-un-petit-bout-de-la-f1-dayrton-senna","status":"publish","type":"post","link":"https:\/\/www.europesays.com\/fr\/1919\/","title":{"rendered":"Pistons, bielles\u2026 et si vous craquiez pour un petit bout de la F1 d&rsquo;Ayrton Senna ?"},"content":{"rendered":"<p>Honda lance une nouvelle activit\u00e9 de souvenirs et pr\u00e9voit de vendre aux ench\u00e8res des pi\u00e8ces du v\u00e9ritable moteur Honda V10 de la F1 d&rsquo;Ayrton Senna victorieuse en 1990.<\/p>\n<p>\u00a0<\/p>\n<p>C&rsquo;est peut-\u00eatre le moment de commencer \u00e0 mettre un peu d&rsquo;argent de c\u00f4t\u00e9. Et pourquoi pas de se lancer dans une nouvelle collection d&rsquo;objets mythiques de la Formule 1 ? L<strong>a branche course de <a title=\"Honda\" href=\"https:\/\/www.automobile-magazine.fr\/marque\/honda\" target=\"_blank\" rel=\"noopener\">Honda<\/a>, Honda Racing Corporation (HRC) vient d&rsquo;annoncer qu&rsquo;elle se lance dans une nouvelle entreprise de souvenirs<\/strong>, afin de permettre aux fans et aux collectionneurs de poss\u00e9der un morceau de l&rsquo;histoire du sport automobile. Mais au-del\u00e0 des objets sign\u00e9s, c&rsquo;est plut\u00f4t une autre cat\u00e9gorie de souvenirs que devraient s&rsquo;arracher les fans : celle <strong>des pi\u00e8ces m\u00e9caniques qui ont servi dans des voitures (ou des motos) embl\u00e9matiques<\/strong>. Comme par exemple dans la McLaren \u00e0 moteur Honda qui a permis \u00e0 un certain <a href=\"https:\/\/www.automobile-magazine.fr\/insolite\/article\/42742-la-honda-nsx-dayrton-senna-mise-en-vente-pour-620-000-dollars\" target=\"_blank\" rel=\"noopener\">Ayrton Senna<\/a> de remporter le championnat du monde en 1990 !<\/p>\n<p>F1, MotoGP, des ann\u00e9es 1950 \u00e0 nos jours<\/p>\n<p>La vente aura lieu \u00e0 la Monterey Car Week en ao\u00fbt prochain. Arbres \u00e0 cames, pistons et autres bielles, ce sont autant de pi\u00e8ces du moteur Honda RA100E F1 qui seront prochainement dispers\u00e9s. Et Honda a soign\u00e9 la pr\u00e9sentation car ces pi\u00e8ces seront vendues dans des vitrines accompagn\u00e9es d&rsquo;un certificat d&rsquo;authenticit\u00e9 HRC. <strong>\u00ab\u00a0Nous visons \u00e0 en faire une entreprise qui permette aux fans qui aiment la F1, le MotoGP et diverses autres courses de partager l&rsquo;histoire des d\u00e9fis de Honda depuis les ann\u00e9es 1950\u00a0\u00bb<\/strong> explique Koji Watanabe, pr\u00e9sident de HRC. Et la bonne nouvelle, c&rsquo;est que cette vente sp\u00e9cifique sur la F1 d&rsquo;Ayrton Senna sera suivie d&rsquo;autres \u00e9v\u00e9nements par la suite sur des v\u00e9hicules d&rsquo;autres cat\u00e9gories, ou d&rsquo;autres \u00e9poques.<\/p>\n<p> <img decoding=\"async\" src=\"https:\/\/www.europesays.com\/fr\/wp-content\/uploads\/2025\/04\/mael-pilven.webp.webp\" alt=\"Ma\u00ebl Pilven\" width=\"120\" height=\"120\" class=\"visu-auteur\" loading=\"lazy\"\/><\/p>\n<p class=\"short-txt\"> Nouvelle ou ancienne, thermique ou \u00e9lectrique, l\u2019automobile me fait vibrer depuis toujours. Au volant comme derri\u00e8re mon \u00e9cran, j\u2019en parle avec autant de passion que possible !<\/p>\n<p>  Publi\u00e9 le  04\/04\/2025 \u00e0 07:00  <\/p>\n","protected":false},"excerpt":{"rendered":"Honda lance une nouvelle activit\u00e9 de souvenirs et pr\u00e9voit de vendre aux ench\u00e8res des pi\u00e8ces du v\u00e9ritable moteur&hellip;\n","protected":false},"author":2,"featured_media":1920,"comment_status":"","ping_status":"","sticky":false,"template":"","format":"standard","meta":{"footnotes":""},"categories":[1412],"tags":[1451,1452,1453,1454,1455,1011,27,60,622],"class_list":{"0":"post-1919","1":"post","2":"type-post","3":"status-publish","4":"format-standard","5":"has-post-thumbnail","7":"category-f1","8":"tag-f1","9":"tag-formula-1","10":"tag-formula1","11":"tag-formule-1","12":"tag-formule1","13":"tag-fr","14":"tag-france","15":"tag-sports","16":"tag-toute-lu0027actualitu00e9"},"share_on_mastodon":{"url":"https:\/\/pubeurope.com\/@fr\/114277995256578715","error":""},"_links":{"self":[{"href":"https:\/\/www.europesays.com\/fr\/wp-json\/wp\/v2\/posts\/1919","targetHints":{"allow":["GET"]}}],"collection":[{"href":"https:\/\/www.europesays.com\/fr\/wp-json\/wp\/v2\/posts"}],"about":[{"href":"https:\/\/www.europesays.com\/fr\/wp-json\/wp\/v2\/types\/post"}],"author":[{"embeddable":true,"href":"https:\/\/www.europesays.com\/fr\/wp-json\/wp\/v2\/users\/2"}],"replies":[{"embeddable":true,"href":"https:\/\/www.europesays.com\/fr\/wp-json\/wp\/v2\/comments?post=1919"}],"version-history":[{"count":0,"href":"https:\/\/www.europesays.com\/fr\/wp-json\/wp\/v2\/posts\/1919\/revisions"}],"wp:featuredmedia":[{"embeddable":true,"href":"https:\/\/www.europesays.com\/fr\/wp-json\/wp\/v2\/media\/1920"}],"wp:attachment":[{"href":"https:\/\/www.europesays.com\/fr\/wp-json\/wp\/v2\/media?parent=1919"}],"wp:term":[{"taxonomy":"category","embeddable":true,"href":"https:\/\/www.europesays.com\/fr\/wp-json\/wp\/v2\/categories?post=1919"},{"taxonomy":"post_tag","embeddable":true,"href":"https:\/\/www.europesays.com\/fr\/wp-json\/wp\/v2\/tags?post=1919"}],"curies":[{"name":"wp","href":"https:\/\/api.w.org\/{rel}","templated":true}]}}