{"id":191907,"date":"2025-06-20T21:32:13","date_gmt":"2025-06-20T21:32:13","guid":{"rendered":"https:\/\/www.europesays.com\/fr\/191907\/"},"modified":"2025-06-20T21:32:13","modified_gmt":"2025-06-20T21:32:13","slug":"strasbourg-la-piscine-de-hautepierre-sera-fermee-ce-samedi-apres-midi","status":"publish","type":"post","link":"https:\/\/www.europesays.com\/fr\/191907\/","title":{"rendered":"Strasbourg. La piscine de Hautepierre sera ferm\u00e9e ce samedi apr\u00e8s-midi"},"content":{"rendered":"<p>La piscine de Hautepierre, \u00e0 Strasbourg, fermera ses portes <a href=\"https:\/\/www.dna.fr\/faits-divers-justice\/2025\/04\/16\/la-piscine-de-hautepierre-partiellement-fermee-suite-a-des-incidents\" target=\"_blank\" rel=\"nofollow noopener\">suite aux derniers \u00e9v\u00e9nements survenus<\/a> pour garantir la s\u00e9curit\u00e9 de ses employ\u00e9s, ce samedi 21 juin, dans l&rsquo;apr\u00e8s-midi. L\u2019Eurom\u00e9tropole de Strasbourg se dit \u00ab pleinement mobilis\u00e9e pour permettre \u00e0 toutes et tous de profiter de cet \u00e9quipement et garantir son ouverture maximale en toute s\u00e9curit\u00e9 \u00bb pour les agents et pour les usagers en lien avec les \u00e9quipes, les neuf agents de s\u00e9curit\u00e9 et les six m\u00e9diateurs d\u00e9di\u00e9s \u00e0 la piscine. <a href=\"https:\/\/www.dna.fr\/culture-loisirs\/2025\/06\/20\/circulation-interdite-fouilles-drones-pour-securiser-la-fete-de-la-musique-samedi-soir\" target=\"_blank\" rel=\"nofollow noopener\">En raison de la mobilisation des forces de l\u2019ordre et des soci\u00e9t\u00e9s de s\u00e9curit\u00e9 pour la F\u00eate de la musique<\/a>, la collectivit\u00e9 a d\u00e9cid\u00e9 de fermer exceptionnellement la piscine le samedi 21 juin apr\u00e8s-midi.<\/p>\n<p>Menaces et incivilit\u00e9s<\/p>\n<p>Le 13 juin dernier, une partie du personnel de la piscine de Hautepierre, avait \u00e9t\u00e9 la cible de menaces apr\u00e8s <a href=\"https:\/\/www.dna.fr\/faits-divers-justice\/2025\/06\/14\/une-responsable-de-bassin-agressee-a-la-piscine-de-hautepierre\" target=\"_blank\" rel=\"nofollow noopener\">une altercation entre une femme et une responsable de bassin<\/a>. Le personnel, assist\u00e9 des forces de police, avait d\u00fb proc\u00e9der \u00e0 la fermeture anticip\u00e9e de la piscine. Une plainte avait \u00e9t\u00e9 d\u00e9pos\u00e9e. Tout comme lors du mouvement collectif de jeunes qui avaient commis des incivilit\u00e9s le 12 avril, semant la panique.<\/p>\n","protected":false},"excerpt":{"rendered":"La piscine de Hautepierre, \u00e0 Strasbourg, fermera ses portes suite aux derniers \u00e9v\u00e9nements survenus pour garantir la s\u00e9curit\u00e9&hellip;\n","protected":false},"author":2,"featured_media":191908,"comment_status":"","ping_status":"","sticky":false,"template":"","format":"standard","meta":{"footnotes":""},"categories":[2820],"tags":[1111,11,2880,1777,674,274,1011,27,775,12,25,104,640,2879],"class_list":{"0":"post-191907","1":"post","2":"type-post","3":"status-publish","4":"format-standard","5":"has-post-thumbnail","7":"category-strasbourg","8":"tag-actu","9":"tag-actualites","10":"tag-edition-strasbourg","11":"tag-eu","12":"tag-europe","13":"tag-faits-divers-justice","14":"tag-fr","15":"tag-france","16":"tag-grand-est","17":"tag-news","18":"tag-republique-francaise","19":"tag-societe","20":"tag-strasbourg","21":"tag-strasbourg-ville"},"share_on_mastodon":{"url":"https:\/\/pubeurope.com\/@fr\/114717834810294359","error":""},"_links":{"self":[{"href":"https:\/\/www.europesays.com\/fr\/wp-json\/wp\/v2\/posts\/191907","targetHints":{"allow":["GET"]}}],"collection":[{"href":"https:\/\/www.europesays.com\/fr\/wp-json\/wp\/v2\/posts"}],"about":[{"href":"https:\/\/www.europesays.com\/fr\/wp-json\/wp\/v2\/types\/post"}],"author":[{"embeddable":true,"href":"https:\/\/www.europesays.com\/fr\/wp-json\/wp\/v2\/users\/2"}],"replies":[{"embeddable":true,"href":"https:\/\/www.europesays.com\/fr\/wp-json\/wp\/v2\/comments?post=191907"}],"version-history":[{"count":0,"href":"https:\/\/www.europesays.com\/fr\/wp-json\/wp\/v2\/posts\/191907\/revisions"}],"wp:featuredmedia":[{"embeddable":true,"href":"https:\/\/www.europesays.com\/fr\/wp-json\/wp\/v2\/media\/191908"}],"wp:attachment":[{"href":"https:\/\/www.europesays.com\/fr\/wp-json\/wp\/v2\/media?parent=191907"}],"wp:term":[{"taxonomy":"category","embeddable":true,"href":"https:\/\/www.europesays.com\/fr\/wp-json\/wp\/v2\/categories?post=191907"},{"taxonomy":"post_tag","embeddable":true,"href":"https:\/\/www.europesays.com\/fr\/wp-json\/wp\/v2\/tags?post=191907"}],"curies":[{"name":"wp","href":"https:\/\/api.w.org\/{rel}","templated":true}]}}