{"id":191911,"date":"2025-06-20T21:34:11","date_gmt":"2025-06-20T21:34:11","guid":{"rendered":"https:\/\/www.europesays.com\/fr\/191911\/"},"modified":"2025-06-20T21:34:11","modified_gmt":"2025-06-20T21:34:11","slug":"apres-plusieurs-drames-et-la-colere-des-riverains-un-radar-bientot-installe-sur-ce-boulevard-de-nice","status":"publish","type":"post","link":"https:\/\/www.europesays.com\/fr\/191911\/","title":{"rendered":"Apr\u00e8s plusieurs drames et la col\u00e8re des riverains, un radar bient\u00f4t install\u00e9 sur ce boulevard de Nice?"},"content":{"rendered":"<p>La balle est dans le camp de la pr\u00e9fecture. La Ville vient de lui demander d\u2019installer un radar de contr\u00f4le de vitesse, boulevard de Cessole \u00e0 Nice-Nord.<\/p>\n<p>Cette voie oblique entre le passage \u00e0 niveau et la place du G\u00e9n\u00e9ral-Goiran est d\u00e9nonc\u00e9e par de nombreux riverains, habitants et commer\u00e7ants comme \u00e9tant \u00ab\u00a0le boulevard de la mort\u00a0\u00bb. Les uns parlent \u00ab\u00a0d\u2019autoroute\u00a0\u00bb, les autres de \u00ab\u00a0roulette russe\u00a0\u00bb.<\/p>\n<p>Il faut dire que cet axe a \u00e9t\u00e9 r\u00e9cemment le th\u00e9\u00e2tre de plusieurs drames. Il y a eu notamment une course-poursuite et un refus d\u2019obtemp\u00e9rer le 27 mars, mais surtout, deux morts qui ont mis le quartier \u00e0 l\u2019envers.<\/p>\n<p>D\u2019abord, la mort de <a href=\"https:\/\/www.nicematin.com\/faits-divers\/tres-proche-de-jacques-medecin-lilou-dini-a-ete-mortellement-fauchee-par-un-scooter-a-nice-976621\" rel=\"nofollow noopener\" target=\"_blank\">Liliane Dini, dite \u00ab\u00a0Lilou\u00a0\u00bb, mortellement fauch\u00e9e par un scooter<\/a>, le 2 mars, \u00e0 hauteur de L\u2019Horloge.<\/p>\n<p>Ensuite, celle <a href=\"https:\/\/www.nicematin.com\/faits-divers\/-sur-le-boulevard-cessole-a-nice-tous-les-jours-c-est-la-roulette-russe--981768\" target=\"_blank\" rel=\"noopener nofollow\">d\u2019Alexandre Gon\u00e7alves, 22 ans, qui a perdu la vie au petit matin du 11 avril, au guidon de sa moto<\/a>, \u00e0 la suite d\u2019une collision avec une voiture arrivant de l\u2019avenue Cagnoli.<\/p>\n<p><strong>Situation pr\u00e9occupante<\/strong><\/p>\n<p>Trag\u00e9dies, exc\u00e8s de vitesse, infractions au Code de la route n\u2019ont pas fait qu\u2019entra\u00eener des d\u00e9p\u00f4ts de bouquets de fleurs, des larmes, des rassemblements, des marches.<\/p>\n<p>Sensibilis\u00e9e par cette situation pr\u00e9occupante, la Ville de Nice s\u2019est saisie du probl\u00e8me et a envoy\u00e9, en date du 11 juin, une lettre aux riverains de Cessole. Une missive co-sign\u00e9e Ga\u00ebl Nofri, adjoint \u00e0 la Circulation, et Anthony Borr\u00e9, premier adjoint d\u00e9l\u00e9gu\u00e9 notamment \u00e0 la S\u00e9curit\u00e9.<\/p>\n<p>Ce document indique: \u00ab\u00a0La police municipale a r\u00e9alis\u00e9 de nombreux contr\u00f4les et le pr\u00e9fet des Alpes-Maritimes, Monsieur Laurent Hottiaux, a \u00e9t\u00e9 sollicit\u00e9 afin que soit implant\u00e9 dans les meilleurs d\u00e9lais un radar de contr\u00f4le de vitesse sur ledit boulevard, la mise en \u0153uvre de ce mobilier relevant de son domaine de comp\u00e9tence.\u00a0\u00bb<\/p>\n<p><strong>Nouveaux am\u00e9nagements \u00e0 l\u2019\u00e9tude<\/strong><\/p>\n<p>Donc, maintenant, on attend la r\u00e9ponse du repr\u00e9sentant de l\u2019\u00c9tat. Ce radar souhait\u00e9 sera-t-il install\u00e9? Si oui, o\u00f9 et quand? En pr\u00e9fecture, on indique que le projet est \u00e0 l\u2019\u00e9tude.<\/p>\n<p>\u00c0 Cessole, on esp\u00e8re que cette \u00e9tude sera suivie d\u2019effet rapidement, m\u00eame si, comme l\u2019indique aussi le courrier, \u00ab\u00a0la Direction g\u00e9n\u00e9rale adjointe grands projets et transports \u00e9tudie actuellement de nouveaux am\u00e9nagements pour am\u00e9liorer la signalisation et limiter la vitesse sur cet axe tr\u00e8s fr\u00e9quent\u00e9\u00a0\u00bb.<\/p>\n<p>              <img ci-src=\"https:\/\/www.nicematin.com\/securite\/protec\/DATA_ART_15758240-VnAnGT0M.jpg?vh=792f2a&amp;ci_seal=f3edc79376\" alt=\"\"\/><br \/>\n         <strong>Photo S\u00e9bastien Botella.<\/strong> <\/p>\n<p>            V\u00e9g\u00e9talisation: \u00ab\u00a0On respire, c\u2019est beau, c\u2019est vert\u00a0\u00bb<\/p>\n<p>\u00ab\u00a0\u00c7a a vraiment de la gueule\u00a0\u00bb, de l\u2019avis de Patrice qui vit pr\u00e8s de l\u2019horloge de Cessole. Le chantier de v\u00e9g\u00e9talisation, au niveau du terre-plein, avance bien devant la brasserie Le Cessole.<\/p>\n<p>Ici, la M\u00e9tropole investit 300.000 euros dans l\u2019am\u00e9nagement de ce carrefour de Nice-Nord. \u00ab\u00a0On respire, c\u2019est beau, c\u2019est vert. C\u2019est chouette\u00a0\u00bb, sourit une commer\u00e7ante.<\/p>\n<p>Les experts des espaces verts sont sur le pont depuis plusieurs semaines. \u00ab\u00a0Ils bossent vite et bien. Ils ont du courage avec la chaleur\u00a0\u00bb, commentent Chantal et Yves, qui vivent \u00e0 deux pas.<\/p>\n<p>Ce vendredi matin, d\u2019autres ouvriers ont travaill\u00e9 sur la route qui sera \u00e9largie, toujours \u00e0 c\u00f4t\u00e9 de la brasserie. Le chantier doit se terminer \u00e0 la mi-juillet.<\/p>\n","protected":false},"excerpt":{"rendered":"La balle est dans le camp de la pr\u00e9fecture. La Ville vient de lui demander d\u2019installer un radar&hellip;\n","protected":false},"author":2,"featured_media":191912,"comment_status":"","ping_status":"","sticky":false,"template":"","format":"standard","meta":{"footnotes":""},"categories":[2819],"tags":[1111,11,1777,674,1011,27,12,2401,882,25,656],"class_list":{"0":"post-191911","1":"post","2":"type-post","3":"status-publish","4":"format-standard","5":"has-post-thumbnail","7":"category-nice","8":"tag-actu","9":"tag-actualites","10":"tag-eu","11":"tag-europe","12":"tag-fr","13":"tag-france","14":"tag-news","15":"tag-nice","16":"tag-provence-alpes-cote-dazur","17":"tag-republique-francaise","18":"tag-securite"},"share_on_mastodon":{"url":"https:\/\/pubeurope.com\/@fr\/114717843416872958","error":""},"_links":{"self":[{"href":"https:\/\/www.europesays.com\/fr\/wp-json\/wp\/v2\/posts\/191911","targetHints":{"allow":["GET"]}}],"collection":[{"href":"https:\/\/www.europesays.com\/fr\/wp-json\/wp\/v2\/posts"}],"about":[{"href":"https:\/\/www.europesays.com\/fr\/wp-json\/wp\/v2\/types\/post"}],"author":[{"embeddable":true,"href":"https:\/\/www.europesays.com\/fr\/wp-json\/wp\/v2\/users\/2"}],"replies":[{"embeddable":true,"href":"https:\/\/www.europesays.com\/fr\/wp-json\/wp\/v2\/comments?post=191911"}],"version-history":[{"count":0,"href":"https:\/\/www.europesays.com\/fr\/wp-json\/wp\/v2\/posts\/191911\/revisions"}],"wp:featuredmedia":[{"embeddable":true,"href":"https:\/\/www.europesays.com\/fr\/wp-json\/wp\/v2\/media\/191912"}],"wp:attachment":[{"href":"https:\/\/www.europesays.com\/fr\/wp-json\/wp\/v2\/media?parent=191911"}],"wp:term":[{"taxonomy":"category","embeddable":true,"href":"https:\/\/www.europesays.com\/fr\/wp-json\/wp\/v2\/categories?post=191911"},{"taxonomy":"post_tag","embeddable":true,"href":"https:\/\/www.europesays.com\/fr\/wp-json\/wp\/v2\/tags?post=191911"}],"curies":[{"name":"wp","href":"https:\/\/api.w.org\/{rel}","templated":true}]}}