{"id":191915,"date":"2025-06-20T21:36:28","date_gmt":"2025-06-20T21:36:28","guid":{"rendered":"https:\/\/www.europesays.com\/fr\/191915\/"},"modified":"2025-06-20T21:36:28","modified_gmt":"2025-06-20T21:36:28","slug":"en-images-sous-un-soleil-de-plomb-le-public-du-hellfest-a-la-recherche-deau-et-de-fraicheur","status":"publish","type":"post","link":"https:\/\/www.europesays.com\/fr\/191915\/","title":{"rendered":"EN IMAGES. Sous un soleil de plomb, le public du Hellfest \u00e0 la recherche d\u2019eau et de fra\u00eecheur"},"content":{"rendered":"<p>Hellfest 2025, vendredi 20\u00a0juin, jour 2\u00a0! La temp\u00e9rature grimpe encore et il fait de plus en plus chaud sur le site de Clisson, dans le vignoble de Nantes (Loire-Atlantique) Sur place, notre reporter Franck Dubray a pris des photos pour nous partager l\u2019ambiance avec un thermom\u00e8tre affichant plus de 35\u00b0 \u00e0 l\u2019ombre.<\/p>\n<p>\t<img decoding=\"async\" src=\"https:\/\/www.europesays.com\/fr\/wp-content\/uploads\/2025\/06\/P35304158D6863871G_px_640_.jpg\" alt=\"photo c\u2019est un classique au hellfest\u00a0: le mur d\u2019eau\u00a0! c\u2019est l\u2019endroit id\u00e9al pour faire baisser les temp\u00e9ratures des corps.  \u00a9  franck dubray \/ ouest france\" width=\"640\" title=\" C\u2019est un classique au Hellfest\u00a0: le mur d\u2019eau\u00a0! C\u2019est l\u2019endroit id\u00e9al pour faire baisser les temp\u00e9ratures des corps.   Franck Dubray \/ Ouest France \"\/><\/p>\n<p class=\"elmt-legende\"> C\u2019est un classique au Hellfest\u00a0: le mur d\u2019eau\u00a0! C\u2019est l\u2019endroit id\u00e9al pour faire baisser les temp\u00e9ratures des corps.   Franck Dubray \/ Ouest France <\/p>\n<p>\t<img decoding=\"async\" src=\"https:\/\/www.europesays.com\/fr\/wp-content\/uploads\/2025\/06\/P35304159D6863871G_px_640_.jpg\" alt=\"photo un brumisateur g\u00e9ant. au hellfest, tout est fait pour rafra\u00eechir le public  \u00a9  franck dubray \/ ouest france\" width=\"640\" title=\" Un brumisateur g\u00e9ant. Au Hellfest, tout est fait pour rafra\u00eechir le public   Franck Dubray \/ Ouest France \"\/><\/p>\n<p class=\"elmt-legende\"> Un brumisateur g\u00e9ant. Au Hellfest, tout est fait pour rafra\u00eechir le public   Franck Dubray \/ Ouest France <\/p>\n<p>\t<img decoding=\"async\" src=\"https:\/\/www.europesays.com\/fr\/wp-content\/uploads\/2025\/06\/P35304160D6863871G_px_640_.jpg\" alt=\"photo \u00e0 la recherche d\u2019un peu d\u2019ombre\u00a0: le public se masse sous la for\u00eat.  \u00a9  franck dubray \/ ouest france\" width=\"640\" title=\" \u00c0 la recherche d\u2019un peu d\u2019ombre\u00a0: le public se masse sous la for\u00eat.   Franck Dubray \/ Ouest France \"\/><\/p>\n<p class=\"elmt-legende\"> \u00c0 la recherche d\u2019un peu d\u2019ombre\u00a0: le public se masse sous la for\u00eat.   Franck Dubray \/ Ouest France <\/p>\n<p>\t<img decoding=\"async\" src=\"https:\/\/www.europesays.com\/fr\/wp-content\/uploads\/2025\/06\/P35304161D6863871G_px_640_.jpg\" alt=\"photo se faire porter par les autres\u00a0: une solution pour avoir un peu d\u2019air au milieu d\u2019une foule\u00a0!  \u00a9  franck dubray \/ ouest france\" width=\"640\" title=\" Se faire porter par les autres\u00a0: une solution pour avoir un peu d\u2019air au milieu d\u2019une foule\u00a0!   Franck Dubray \/ Ouest France \"\/><\/p>\n<p class=\"elmt-legende\"> Se faire porter par les autres\u00a0: une solution pour avoir un peu d\u2019air au milieu d\u2019une foule\u00a0!   Franck Dubray \/ Ouest France <\/p>\n<p>\t<img decoding=\"async\" src=\"https:\/\/www.europesays.com\/fr\/wp-content\/uploads\/2025\/06\/P35304162D6863871G_px_640_.jpg\" alt=\"photo un jet d\u2019eau pour arroser et rafra\u00eechir le public. un geste pr\u00e9cieux avec ces temp\u00e9ratures caniculaires\u00a0: \u00e0 nantes, il a fait 35,3\u00a0\u00b0c ce vendredi 20\u00a0juin.  \u00a9  franck dubray \/ ouest france\" width=\"640\" title=\" Un jet d\u2019eau pour arroser et rafra\u00eechir le public. Un geste pr\u00e9cieux avec ces temp\u00e9ratures caniculaires\u00a0: \u00e0 Nantes, il a fait 35,3\u00a0\u00b0C ce vendredi 20\u00a0juin.   Franck Dubray \/ Ouest France \"\/><\/p>\n<p class=\"elmt-legende\"> Un jet d\u2019eau pour arroser et rafra\u00eechir le public. Un geste pr\u00e9cieux avec ces temp\u00e9ratures caniculaires\u00a0: \u00e0 Nantes, il a fait 35,3\u00a0\u00b0C ce vendredi 20\u00a0juin.   Franck Dubray \/ Ouest France <\/p>\n<p>\t<img decoding=\"async\" src=\"https:\/\/www.europesays.com\/fr\/wp-content\/uploads\/2025\/06\/P35304163D6863871G_px_640_.jpg\" alt=\"photo certains pr\u00e9f\u00e8rent se d\u00e9v\u00eatir\u2026  \u00a9  franck dubray \/ ouest france\" width=\"640\" title=\" Certains pr\u00e9f\u00e8rent se d\u00e9v\u00eatir\u2026   Franck Dubray \/ Ouest France \"\/><\/p>\n<p class=\"elmt-legende\"> Certains pr\u00e9f\u00e8rent se d\u00e9v\u00eatir\u2026   Franck Dubray \/ Ouest France <\/p>\n<p>\t<img decoding=\"async\" src=\"https:\/\/www.europesays.com\/fr\/wp-content\/uploads\/2025\/06\/P35304164D6863871G_px_640_.jpg\" alt=\"photo \u2026quand d\u2019autres restent bien couverts comme ici cet homme avec sa veste longue\u00a0!  \u00a9  franck dubray \/ ouest france\" width=\"640\" title=\" \u2026quand d\u2019autres restent bien couverts comme ici cet homme avec sa veste longue\u00a0!   Franck Dubray \/ Ouest France \"\/><\/p>\n<p class=\"elmt-legende\"> \u2026quand d\u2019autres restent bien couverts comme ici cet homme avec sa veste longue\u00a0!   Franck Dubray \/ Ouest France <\/p>\n<p>\t<img decoding=\"async\" src=\"https:\/\/www.europesays.com\/fr\/wp-content\/uploads\/2025\/06\/P35304165D6863871G_px_640_.jpg\" alt=\"photo la chaleur n\u2019arr\u00eate pas un fan du hellfest\u00a0!  \u00a9  franck dubray \/ ouest france\" width=\"640\" title=\" La chaleur n\u2019arr\u00eate pas un fan du Hellfest\u00a0!   Franck Dubray \/ Ouest France \"\/><\/p>\n<p class=\"elmt-legende\"> La chaleur n\u2019arr\u00eate pas un fan du Hellfest\u00a0!   Franck Dubray \/ Ouest France <\/p>\n<p>\t<img decoding=\"async\" src=\"https:\/\/www.europesays.com\/fr\/wp-content\/uploads\/2025\/06\/P35304166D6863871G_px_640_.jpg\" alt=\"photo la joie de se retrouver sous le mur d\u2019eau.  \u00a9  franck dubray \/ ouest france\" width=\"640\" title=\" La joie de se retrouver sous le mur d\u2019eau.   Franck Dubray \/ Ouest France \"\/><\/p>\n<p class=\"elmt-legende\"> La joie de se retrouver sous le mur d\u2019eau.   Franck Dubray \/ Ouest France <\/p>\n<p><strong>Notre\u00a0VID\u00c9O\u00a0:<\/strong> <a href=\"https:\/\/nantes.maville.com\/actu\/actudet_-dans-la-region-nantaise-les-reseaux-de-train-et-de-tramway-ont-souffert-de-la-canicule-ce-vendredi-_8-6863806_actu.Htm\" target=\"_self\" rel=\"noopener\">Hellfest 2025\u00a0: de jour comme de nuit, on est bien sous le rideau d\u2019eau\u00a0!<\/a><\/p>\n<p>Et pour demain\u00a0? Eh bien, samedi sera la journ\u00e9e la plus chaude\u00a0! Le site M\u00e9t\u00e9o-France annonce des temp\u00e9ratures jusqu\u2019\u00e0 37\u00a0\u00b0C. La Loire-Atlantique est class\u00e9e<a href=\"https:\/\/nantes.maville.com\/actu\/actudet_-canicule-la-loire-atlantique-placee-en-vigilance-orange-vendredi-20-juin-ca-change-quoi-_8-6861682_actu.Htm\" target=\"_self\" rel=\"noopener\"> vigilance orange canicule<\/a>.<\/p>\n<p>\u00a0<\/p>\n","protected":false},"excerpt":{"rendered":"Hellfest 2025, vendredi 20\u00a0juin, jour 2\u00a0! La temp\u00e9rature grimpe encore et il fait de plus en plus chaud&hellip;\n","protected":false},"author":2,"featured_media":191916,"comment_status":"","ping_status":"","sticky":false,"template":"","format":"standard","meta":{"footnotes":""},"categories":[2818],"tags":[1111,11,4858,1777,674,1011,31923,27,16501,4430,766,12,2636,33051,3532,959,25,4904],"class_list":{"0":"post-191915","1":"post","2":"type-post","3":"status-publish","4":"format-standard","5":"has-post-thumbnail","7":"category-nantes","8":"tag-actu","9":"tag-actualites","10":"tag-eau","11":"tag-eu","12":"tag-europe","13":"tag-fr","14":"tag-fraicheur","15":"tag-france","16":"tag-hellfest","17":"tag-images","18":"tag-nantes","19":"tag-news","20":"tag-pays-de-la-loire","21":"tag-plomb","22":"tag-public","23":"tag-recherche","24":"tag-republique-francaise","25":"tag-soleil"},"share_on_mastodon":{"url":"https:\/\/pubeurope.com\/@fr\/114717850857373739","error":""},"_links":{"self":[{"href":"https:\/\/www.europesays.com\/fr\/wp-json\/wp\/v2\/posts\/191915","targetHints":{"allow":["GET"]}}],"collection":[{"href":"https:\/\/www.europesays.com\/fr\/wp-json\/wp\/v2\/posts"}],"about":[{"href":"https:\/\/www.europesays.com\/fr\/wp-json\/wp\/v2\/types\/post"}],"author":[{"embeddable":true,"href":"https:\/\/www.europesays.com\/fr\/wp-json\/wp\/v2\/users\/2"}],"replies":[{"embeddable":true,"href":"https:\/\/www.europesays.com\/fr\/wp-json\/wp\/v2\/comments?post=191915"}],"version-history":[{"count":0,"href":"https:\/\/www.europesays.com\/fr\/wp-json\/wp\/v2\/posts\/191915\/revisions"}],"wp:featuredmedia":[{"embeddable":true,"href":"https:\/\/www.europesays.com\/fr\/wp-json\/wp\/v2\/media\/191916"}],"wp:attachment":[{"href":"https:\/\/www.europesays.com\/fr\/wp-json\/wp\/v2\/media?parent=191915"}],"wp:term":[{"taxonomy":"category","embeddable":true,"href":"https:\/\/www.europesays.com\/fr\/wp-json\/wp\/v2\/categories?post=191915"},{"taxonomy":"post_tag","embeddable":true,"href":"https:\/\/www.europesays.com\/fr\/wp-json\/wp\/v2\/tags?post=191915"}],"curies":[{"name":"wp","href":"https:\/\/api.w.org\/{rel}","templated":true}]}}