{"id":19192,"date":"2025-04-12T05:53:07","date_gmt":"2025-04-12T05:53:07","guid":{"rendered":"https:\/\/www.europesays.com\/fr\/19192\/"},"modified":"2025-04-12T05:53:07","modified_gmt":"2025-04-12T05:53:07","slug":"lue-enquete-sur-lutilisation-de-donnees-personnelles-par-x-pour-entrainer-son-ia-2","status":"publish","type":"post","link":"https:\/\/www.europesays.com\/fr\/19192\/","title":{"rendered":"L\u2019UE enqu\u00eate sur l\u2019utilisation de donn\u00e9es personnelles par X pour entra\u00eener son IA"},"content":{"rendered":"<p class=\"paragraph text_align_left\">La vie priv\u00e9e des utilisateurs bafou\u00e9e par X ? L\u2019autorit\u00e9 irlandaise de protection des donn\u00e9es (DPC), qui agit au nom de l\u2019Union europ\u00e9enne, a ouvert vendredi une enqu\u00eate sur <a href=\"https:\/\/www.leparisien.fr\/futurs\/le-reseau-social-x-vise-par-huit-plaintes-en-europe-pour-utilisation-illegale-de-donnees-personnelles-12-08-2024-QI4QZ5E4KZDLHGTQYUCIENCRCE.php\" target=\"_blank\" rel=\"nofollow noopener\">l\u2019utilisation de donn\u00e9es personnelles<\/a> par le r\u00e9seau social d\u2019<a href=\"https:\/\/www.leparisien.fr\/international\/elon-musk\/\" target=\"_blank\" rel=\"nofollow noopener\">Elon Musk<\/a> pour entra\u00eener ses mod\u00e8les d\u2019Intelligence artificielle (IA), <a href=\"https:\/\/www.leparisien.fr\/high-tech\/grok-3-quand-lia-delon-musk-la-plus-intelligente-sur-terre-se-trompe-en-pleine-presentation-19-02-2025-WLIQQHG34FAGTCAVLQHN3BZSE4.php\" target=\"_blank\" rel=\"nofollow noopener\">en particulier Grok<\/a>.<\/p>\n<p class=\"paragraph text_align_left\">L\u2019enqu\u00eate porte sur les \u00ab donn\u00e9es personnelles incluses dans les publications accessibles au public mises en ligne sur la plateforme de r\u00e9seaux sociaux X par les utilisateurs \u00bb de l\u2019Union Europ\u00e9enne et de l\u2019Espace \u00e9conomique europ\u00e9en, a pr\u00e9cis\u00e9 la DPC <a href=\"https:\/\/dataprotection.ie\/en\/news-media\/latest-news\/data-protection-commission-announces-commencement-inquiry-x-internet-unlimited-company-xiuc\" target=\"_blank\" rel=\"nofollow noopener\">dans un communiqu\u00e9<\/a>. Grok d\u00e9signe un groupe de mod\u00e8les d\u2019IA g\u00e9n\u00e9rative d\u00e9velopp\u00e9 par xAI, la start-up fond\u00e9e par Elon Musk. Cette derni\u00e8re vient de fusionner avec le r\u00e9seau social X, pour tenter de concurrencer Meta et OpenAI.<\/p>\n<p>Poursuites dans huit pays<\/p>\n<p class=\"paragraph text_align_left\">En ao\u00fbt 2024, <a href=\"https:\/\/www.leparisien.fr\/futurs\/le-reseau-social-x-vise-par-huit-plaintes-en-europe-pour-utilisation-illegale-de-donnees-personnelles-12-08-2024-QI4QZ5E4KZDLHGTQYUCIENCRCE.php\" target=\"_blank\" rel=\"nofollow noopener\">des poursuites avaient \u00e9t\u00e9 engag\u00e9es<\/a> par l\u2019association Noyb dans huit pays europ\u00e9ens (la France, la Belgique, l\u2019Irlande, ou encore, l\u2019Espagne) contre ce m\u00eame r\u00e9seau pour son utilisation \u00ab ill\u00e9gale \u00bb des donn\u00e9es personnelles des internautes. Un accord avait pourtant \u00e9t\u00e9 trouv\u00e9 quelques jours auparavant entre le r\u00e9seau d\u2019Elon Musk et la Commission irlandaise pour la protection des donn\u00e9es (DPC), qui agit au nom de l\u2019Union europ\u00e9enne : cette pratique d\u2019utilisation des donn\u00e9es personnelles <a href=\"https:\/\/www.leparisien.fr\/high-tech\/le-reseau-social-x-nutilisera-plus-les-donnees-personnelles-de-ses-utilisateurs-europeens-pour-entrainer-son-ia-09-08-2024-C3UQ2B7GANGR5LVRMN6YSUSYLM.php\" target=\"_blank\" rel=\"nofollow noopener\">avait alors \u00e9t\u00e9 suspendue<\/a>.<\/p>\n<p class=\"paragraph text_align_left\">L\u2019ONG Noyb, b\u00eate noire des g\u00e9ants de la tech, d\u00e9clarait alors qu\u2019elle prenait acte de cette annonce, tout en r\u00e9clamant \u00ab une enqu\u00eate compl\u00e8te \u00bb, pour \u00ab s\u2019assurer que X respecte pleinement \u00bb le r\u00e8glement sur la protection des donn\u00e9es (RGPD), qui requiert le consentement des internautes.<\/p>\n","protected":false},"excerpt":{"rendered":"La vie priv\u00e9e des utilisateurs bafou\u00e9e par X ? L\u2019autorit\u00e9 irlandaise de protection des donn\u00e9es (DPC), qui agit&hellip;\n","protected":false},"author":2,"featured_media":19193,"comment_status":"","ping_status":"","sticky":false,"template":"","format":"standard","meta":{"footnotes":""},"categories":[1586],"tags":[11,1777,674,1779,1011,27,142,12,25,1778,364],"class_list":{"0":"post-19192","1":"post","2":"type-post","3":"status-publish","4":"format-standard","5":"has-post-thumbnail","7":"category-europe","8":"tag-actualites","9":"tag-eu","10":"tag-europe","11":"tag-european-union","12":"tag-fr","13":"tag-france","14":"tag-high-tech","15":"tag-news","16":"tag-republique-francaise","17":"tag-ue","18":"tag-union-europeenne"},"share_on_mastodon":{"url":"https:\/\/pubeurope.com\/@fr\/114323443152192940","error":""},"_links":{"self":[{"href":"https:\/\/www.europesays.com\/fr\/wp-json\/wp\/v2\/posts\/19192","targetHints":{"allow":["GET"]}}],"collection":[{"href":"https:\/\/www.europesays.com\/fr\/wp-json\/wp\/v2\/posts"}],"about":[{"href":"https:\/\/www.europesays.com\/fr\/wp-json\/wp\/v2\/types\/post"}],"author":[{"embeddable":true,"href":"https:\/\/www.europesays.com\/fr\/wp-json\/wp\/v2\/users\/2"}],"replies":[{"embeddable":true,"href":"https:\/\/www.europesays.com\/fr\/wp-json\/wp\/v2\/comments?post=19192"}],"version-history":[{"count":0,"href":"https:\/\/www.europesays.com\/fr\/wp-json\/wp\/v2\/posts\/19192\/revisions"}],"wp:featuredmedia":[{"embeddable":true,"href":"https:\/\/www.europesays.com\/fr\/wp-json\/wp\/v2\/media\/19193"}],"wp:attachment":[{"href":"https:\/\/www.europesays.com\/fr\/wp-json\/wp\/v2\/media?parent=19192"}],"wp:term":[{"taxonomy":"category","embeddable":true,"href":"https:\/\/www.europesays.com\/fr\/wp-json\/wp\/v2\/categories?post=19192"},{"taxonomy":"post_tag","embeddable":true,"href":"https:\/\/www.europesays.com\/fr\/wp-json\/wp\/v2\/tags?post=19192"}],"curies":[{"name":"wp","href":"https:\/\/api.w.org\/{rel}","templated":true}]}}