{"id":191927,"date":"2025-06-20T21:44:09","date_gmt":"2025-06-20T21:44:09","guid":{"rendered":"https:\/\/www.europesays.com\/fr\/191927\/"},"modified":"2025-06-20T21:44:09","modified_gmt":"2025-06-20T21:44:09","slug":"un-homme-tue-a-larme-blanche-dans-le-3e-arrondissement-de-marseille","status":"publish","type":"post","link":"https:\/\/www.europesays.com\/fr\/191927\/","title":{"rendered":"Un homme tu\u00e9 \u00e0 l&rsquo;arme blanche dans le 3e arrondissement de Marseille"},"content":{"rendered":"<p>Un homme a succomb\u00e9 \u00e0 des blessures par arme blanche ce vendredi soir dans le 3e arrondissement de Marseille.<\/p>\n<p>Il \u00e9tait 19\u00a0h\u00a030, lorsque les effectifs de la police nationale et les marins-pompiers de Marseille ont ralli\u00e9 toutes sir\u00e8nes hurlantes, le <a href=\"https:\/\/www.laprovence.com\/article\/faits-divers-justice\/1337471330201515\/un-homme-tue-par-balle-dans-le-3e-arrondissement-de-marseille\" target=\"_blank\" rel=\"noopener\">boulevard National<\/a>, les uns pour une rixe \u00e0 l&rsquo;arme blanche, les autres pour porter secours \u00e0 une victime dans un \u00e9tat critique.<\/p>\n<p>\u00c0 leur arriv\u00e9e sur les lieux, les secours ont d\u00e9couvert une victime inconsciente et pr\u00e9sentant plusieurs plaies au thorax. En arr\u00eat cardio-respiratoire, le bless\u00e9, \u00e2g\u00e9 d&rsquo;environ 25 ans et dont l&rsquo;identit\u00e9 reste encore \u00e0 d\u00e9terminer \u00e0 ce stade, a \u00e9t\u00e9 aussit\u00f4t pris en charge et transport\u00e9 \u00e0 l&rsquo;h\u00f4pital avec un pronostic vital engag\u00e9. Il a succomb\u00e9 \u00e0 ses blessures peu apr\u00e8s son admission aux urgences.<\/p>\n<p>La victime a succomb\u00e9 \u00e0 ses blessures \u00e0 l&rsquo;h\u00f4pital<\/p>\n<p>Les effectifs de police ont tr\u00e8s vite \u00e9t\u00e9 rejoints sur la sc\u00e8ne de crime par les techniciens de police scientifique qui ont pass\u00e9 la soir\u00e9e \u00e0 relever traces et indices. C&rsquo;est d\u00e9sormais aux enqu\u00eateurs de la <a href=\"https:\/\/www.laprovence.com\/article\/faits-divers-justice\/1131886927443514\/marseille-lhomme-de-69-ans-grievement-blesse-par-balle-a-un-arret-de-bus-est-sorti-daffaire\" target=\"_blank\" rel=\"noopener\">DCOS<\/a> (Division de la criminalit\u00e9 organis\u00e9e et sp\u00e9cialis\u00e9e) \u00e0 laquelle le parquet de Marseille a confi\u00e9 l&rsquo;enqu\u00eate, qu&rsquo;il incombe de d\u00e9terminer les causes de la rixe et d&rsquo;identifier ses protagonistes.<\/p>\n<p>Le 13\u00a0mai dernier, le boulevard National avait d\u00e9j\u00e0 \u00e9t\u00e9 le th\u00e9\u00e2tre d&rsquo;un <a href=\"https:\/\/www.laprovence.com\/article\/faits-divers-justice\/261999725075314\/triple-homicide-de-bassens-a-marseille-les-enqueteurs-et-leurs-sources-sur-le-gril\" target=\"_blank\" rel=\"noopener\">homicide<\/a>. Un homme y avait succomb\u00e9 \u00e0 ses blessures apr\u00e8s avoir \u00e9t\u00e9 touch\u00e9 par au moins un tir d&rsquo;arme \u00e0 feu, alors qu&rsquo;il se trouvait proximit\u00e9 d&rsquo;un arr\u00eat de bus.<\/p>\n","protected":false},"excerpt":{"rendered":"Un homme a succomb\u00e9 \u00e0 des blessures par arme blanche ce vendredi soir dans le 3e arrondissement de&hellip;\n","protected":false},"author":2,"featured_media":191928,"comment_status":"","ping_status":"","sticky":false,"template":"","format":"standard","meta":{"footnotes":""},"categories":[2814],"tags":[17,1111,11,3869,8386,1446,1777,674,274,1011,27,4933,1859,884,12,882,25,5911],"class_list":{"0":"post-191927","1":"post","2":"type-post","3":"status-publish","4":"format-standard","5":"has-post-thumbnail","7":"category-marseille","8":"tag-17","9":"tag-actu","10":"tag-actualites","11":"tag-arrondissement","12":"tag-blanche","13":"tag-dans","14":"tag-eu","15":"tag-europe","16":"tag-faits-divers-justice","17":"tag-fr","18":"tag-france","19":"tag-homme","20":"tag-larme","21":"tag-marseille","22":"tag-news","23":"tag-provence-alpes-cote-dazur","24":"tag-republique-francaise","25":"tag-tue"},"share_on_mastodon":{"url":"https:\/\/pubeurope.com\/@fr\/114717882052646249","error":""},"_links":{"self":[{"href":"https:\/\/www.europesays.com\/fr\/wp-json\/wp\/v2\/posts\/191927","targetHints":{"allow":["GET"]}}],"collection":[{"href":"https:\/\/www.europesays.com\/fr\/wp-json\/wp\/v2\/posts"}],"about":[{"href":"https:\/\/www.europesays.com\/fr\/wp-json\/wp\/v2\/types\/post"}],"author":[{"embeddable":true,"href":"https:\/\/www.europesays.com\/fr\/wp-json\/wp\/v2\/users\/2"}],"replies":[{"embeddable":true,"href":"https:\/\/www.europesays.com\/fr\/wp-json\/wp\/v2\/comments?post=191927"}],"version-history":[{"count":0,"href":"https:\/\/www.europesays.com\/fr\/wp-json\/wp\/v2\/posts\/191927\/revisions"}],"wp:featuredmedia":[{"embeddable":true,"href":"https:\/\/www.europesays.com\/fr\/wp-json\/wp\/v2\/media\/191928"}],"wp:attachment":[{"href":"https:\/\/www.europesays.com\/fr\/wp-json\/wp\/v2\/media?parent=191927"}],"wp:term":[{"taxonomy":"category","embeddable":true,"href":"https:\/\/www.europesays.com\/fr\/wp-json\/wp\/v2\/categories?post=191927"},{"taxonomy":"post_tag","embeddable":true,"href":"https:\/\/www.europesays.com\/fr\/wp-json\/wp\/v2\/tags?post=191927"}],"curies":[{"name":"wp","href":"https:\/\/api.w.org\/{rel}","templated":true}]}}