{"id":191929,"date":"2025-06-20T21:45:11","date_gmt":"2025-06-20T21:45:11","guid":{"rendered":"https:\/\/www.europesays.com\/fr\/191929\/"},"modified":"2025-06-20T21:45:11","modified_gmt":"2025-06-20T21:45:11","slug":"le-collectif-requisition-pour-loccupation-des-logements-vides-investit-un-immeuble-du-centre-ville","status":"publish","type":"post","link":"https:\/\/www.europesays.com\/fr\/191929\/","title":{"rendered":"Le collectif R\u00e9quisition pour l\u2019occupation des logements vides investit un immeuble du centre-ville"},"content":{"rendered":"<p>Le collectif R\u00e9quisition, qui demande au maire (DVG) de Marseille, Beno\u00eet Payan, de r\u00e9quisitionner les logements vides pour les personnes pr\u00e9caires, a occup\u00e9 ce vendredi 20\u00a0juin un immeuble du centre-ville, trois mois apr\u00e8s une pr\u00e9c\u00e9dente op\u00e9ration qui avait \u00e9chou\u00e9 <a href=\"https:\/\/www.laprovence.com\/article\/region\/1093141612880415\/avec-57-000-logements-vides-a-marseille-le-collectif-requisition-manifeste-sa-colere\" target=\"_blank\" rel=\"noopener\">avec l\u2019intervention des gendarmes<\/a>.<\/p>\n<p>Une op\u00e9ration tr\u00e8s pr\u00e9par\u00e9e<\/p>\n<p>Au 62 de la rue de la R\u00e9publique, vacant depuis\u00a02018 avec porte scell\u00e9e, local commercial en d\u00e9sh\u00e9rence et fen\u00eatres cass\u00e9es, une cinquantaine de militants ont investi le rez-de-chauss\u00e9e pour \u00ab\u00a0un pique-nique festif\u00a0\u00bb. Au m\u00eame moment en conseil municipal, l\u2019\u00e9lue \u00e9cologiste Nouriati Djambae <a href=\"https:\/\/www.laprovence.com\/article\/politique\/25877347202809\/conseil-des-2e-et-3e-arrondissements-de-marseille-la-division-de-la-gauche-s-affiche-au-grand-jour\" target=\"_blank\" rel=\"noopener\">manifestait elle aussi &#8211; politiquement\u00a0<\/a>: \u00ab\u00a0On a 57\u00a0000 logements vides pendant que des enfants dorment dans la rue. C\u2019est un renoncement politique. Le droit au logement n\u2019est pas une d\u00e9coration, mais le socle de tous les autres droits. Il faut que la ville s\u2019engage\u00a0\u00bb, a-t-elle plaid\u00e9 face au maire (DVG) de Marseille.<\/p>\n","protected":false},"excerpt":{"rendered":"Le collectif R\u00e9quisition, qui demande au maire (DVG) de Marseille, Beno\u00eet Payan, de r\u00e9quisitionner les logements vides pour&hellip;\n","protected":false},"author":2,"featured_media":191930,"comment_status":"","ping_status":"","sticky":false,"template":"","format":"standard","meta":{"footnotes":""},"categories":[2814],"tags":[17,33053,1111,11,3542,7819,7650,154,1777,674,1011,27,884,12,882,16,19807,25,33052],"class_list":{"0":"post-191929","1":"post","2":"type-post","3":"status-publish","4":"format-standard","5":"has-post-thumbnail","7":"category-marseille","8":"tag-17","9":"tag-57-000","10":"tag-actu","11":"tag-actualites","12":"tag-circulation","13":"tag-collectif","14":"tag-demande","15":"tag-des","16":"tag-eu","17":"tag-europe","18":"tag-fr","19":"tag-france","20":"tag-marseille","21":"tag-news","22":"tag-provence-alpes-cote-dazur","23":"tag-region","24":"tag-remise","25":"tag-republique-francaise","26":"tag-requisition"},"share_on_mastodon":{"url":"https:\/\/pubeurope.com\/@fr\/114717885947431254","error":""},"_links":{"self":[{"href":"https:\/\/www.europesays.com\/fr\/wp-json\/wp\/v2\/posts\/191929","targetHints":{"allow":["GET"]}}],"collection":[{"href":"https:\/\/www.europesays.com\/fr\/wp-json\/wp\/v2\/posts"}],"about":[{"href":"https:\/\/www.europesays.com\/fr\/wp-json\/wp\/v2\/types\/post"}],"author":[{"embeddable":true,"href":"https:\/\/www.europesays.com\/fr\/wp-json\/wp\/v2\/users\/2"}],"replies":[{"embeddable":true,"href":"https:\/\/www.europesays.com\/fr\/wp-json\/wp\/v2\/comments?post=191929"}],"version-history":[{"count":0,"href":"https:\/\/www.europesays.com\/fr\/wp-json\/wp\/v2\/posts\/191929\/revisions"}],"wp:featuredmedia":[{"embeddable":true,"href":"https:\/\/www.europesays.com\/fr\/wp-json\/wp\/v2\/media\/191930"}],"wp:attachment":[{"href":"https:\/\/www.europesays.com\/fr\/wp-json\/wp\/v2\/media?parent=191929"}],"wp:term":[{"taxonomy":"category","embeddable":true,"href":"https:\/\/www.europesays.com\/fr\/wp-json\/wp\/v2\/categories?post=191929"},{"taxonomy":"post_tag","embeddable":true,"href":"https:\/\/www.europesays.com\/fr\/wp-json\/wp\/v2\/tags?post=191929"}],"curies":[{"name":"wp","href":"https:\/\/api.w.org\/{rel}","templated":true}]}}