{"id":191933,"date":"2025-06-20T21:47:13","date_gmt":"2025-06-20T21:47:13","guid":{"rendered":"https:\/\/www.europesays.com\/fr\/191933\/"},"modified":"2025-06-20T21:47:13","modified_gmt":"2025-06-20T21:47:13","slug":"lyon-une-carte-des-lieux-frais-et-des-points-deau-potable","status":"publish","type":"post","link":"https:\/\/www.europesays.com\/fr\/191933\/","title":{"rendered":"Lyon : une carte des lieux frais et des points d\u2019eau potable"},"content":{"rendered":"<p>La vague de chaleur que connait le territoire justifie plus que jamais la mise \u00e0 disposition des habitants du territoire d\u2019une carte des lieux frais. La M\u00e9tropole de Lyon s\u2019est dot\u00e9e d\u2019une carte en ligne, accessible facilement, pour faire face aux \u00e9pisodes de canicule\u2026<\/p>\n<p>Les ph\u00e9nom\u00e8nes d\u2019<strong>ilots de chaleur<\/strong> urbains sont particuli\u00e8rement pr\u00e9judiciables aux personnes les plus fragiles. Cette carte leur permet de trouver, \u00e0 proximit\u00e9 de leur domicile, des <strong>lieux frais<\/strong> afin de mieux supporter les <strong>\u00e9pisodes de forte chaleur<\/strong>. Cette carte permet aussi de trouver l<strong>\u2019itin\u00e9raire pi\u00e9ton le plus frais<\/strong> entre deux points.<\/p>\n<p>Pour trouver les lieux les plus adapt\u00e9s, la M\u00e9tropole s\u2019est dot\u00e9e d\u2019une carte recensant les <strong>lieux frais<\/strong>, les <strong>points d\u2019eau potable<\/strong>. Cette carte est mise en \u0153uvre dans le cadre de la prise en compte de la <strong>sant\u00e9-environnementale<\/strong> sur la M\u00e9tropole. Par le biais du<strong> laboratoire d\u2019innovation Erasme<\/strong> et du service Donn\u00e9es M\u00e9tropolitaines.<\/p>\n<p>800 fontaines, 350 lieux frais, 1200 parcs<\/p>\n<p>Ces cartes regroupent des donn\u00e9es issues de l\u2019open data de la M\u00e9tropole, d\u2019Open street map et d\u2019un travail de mod\u00e9lisation de la v\u00e9g\u00e9tation. Elles montrent les <strong>points d\u2019eau<\/strong>, les b\u00e2timents potentiellement frais et une partie des <strong>espaces v\u00e9g\u00e9talis\u00e9s<\/strong>. Soit un total de <strong>809 fontaines potables<\/strong>, <strong>488 toilettes publiques<\/strong>, plus de <strong>350 lieux frais<\/strong> (baignades, lieux en int\u00e9rieur, fontaines ornementales). Ainsi que <strong>1 219 parcs et jardins publics<\/strong>, repr\u00e9sentant 3 043 ha dont 1 463 ha sont ombrag\u00e9s.<\/p>\n<p>La carte est mise \u00e0 jour pour permettre \u00e0 tout un chacun de visualiser les <strong>lieux frais de proximit\u00e9<\/strong>. Un lien particulier est fait aupr\u00e8s des Maisons de la M\u00e9tropole pour qu\u2019elles puissent accompagner les plus fragiles dans l\u2019utilisation de la carte qui reste num\u00e9rique. Les habitants peuvent aussi prendre conscience de la pr\u00e9sence d\u2019<strong>espaces naturels frais<\/strong> sur le territoire sans avoir \u00e0 parcourir trop de kilom\u00e8tres.<\/p>\n<p>Trouver le chemin le plus frais<\/p>\n<p>La carte vise aussi \u00e0 permettre de calculer un<strong> itin\u00e9raire fra\u00eecheur<\/strong> actualis\u00e9. Ce qui permet aux pi\u00e9tons de se rendre \u00e0 leur destination par le chemin le plus frais.<\/p>\n<p>Mais la carte permet aussi d\u2019dentifier les zones qui manquent de <strong>lieux de fraicheur<\/strong>. Pour permettre d\u2019y rem\u00e9dier dans les op\u00e9rations d\u2019am\u00e9nagement \u00e0 venir\u2026<\/p>\n<p>Les retours usagers seront tr\u00e8s importants pour faire \u00e9voluer l\u2019outil. Il int\u00e8gre un formulaire qui permet \u00e0 toutes et tous de faire remonter les <strong>besoins d\u2019\u00e9volution<\/strong>. <\/p>\n<p>Pour d\u00e9couvrir la carte, c\u2019est <a href=\"https:\/\/parcours-a-la-carte.datagora.erasme.org\/\" target=\"_blank\" rel=\"noreferrer noopener\">ici<\/a> <\/p>\n<p>Tous les conseils et les documents ressources de la M\u00e9tropole, en cas de canicule sont \u00e0 retrouver<a href=\"https:\/\/www.grandlyon.com\/services\/prevention-canicule\" target=\"_blank\" rel=\"noreferrer noopener\"> <\/a><a href=\"https:\/\/www.grandlyon.com\/services\/prevention-canicule\" target=\"_blank\" rel=\"noopener\">ici<\/a><\/p>\n<p>Ecoutez aussi : <a href=\"https:\/\/www.lyondemain.fr\/entre-rhone-et-saone-2025-festival-eau\/\" target=\"_blank\" rel=\"noreferrer noopener\"> Entre Rh\u00f4ne et Sa\u00f4ne 2025 : baignade d\u00e9rivante et kart \u00e0 voile<\/a><\/p>\n<p><img fetchpriority=\"high\" decoding=\"async\" width=\"1200\" height=\"675\" src=\"https:\/\/www.europesays.com\/fr\/wp-content\/uploads\/2025\/06\/se-baigner-dans-le-Rhone.jpg\" alt=\"se baigner dans le Rh\u00f4ne lieux frais\" class=\"wp-image-243461\"  \/><br \/>\nJ\u2019aime \u00e7a\u00a0:<\/p>\n<p>J\u2019aime chargement\u2026<\/p>\n<p><a class=\"sd-link-color\"\/><\/p>\n<p>\n\tArticles similaires\n<\/p>\n<p>\t\t\t\t<img decoding=\"async\" src=\"https:\/\/www.europesays.com\/fr\/wp-content\/uploads\/2025\/06\/1750456033_245_7866158698e17e8ed633c05e8f8e7fe5d9e057ad78661c4dc34e413abb6b9f19\" alt=\"G\u00e9rald Bouchon\"\/><\/p>\n<p>Pionnier des radios libres, passionn\u00e9 de radio, journaliste et dirigeant de m\u00e9dias \u00e9co-responsables..<\/p>\n","protected":false},"excerpt":{"rendered":"La vague de chaleur que connait le territoire justifie plus que jamais la mise \u00e0 disposition des habitants&hellip;\n","protected":false},"author":2,"featured_media":191934,"comment_status":"","ping_status":"","sticky":false,"template":"","format":"standard","meta":{"footnotes":""},"categories":[1889],"tags":[1111,11,2430,6698,13208,1777,674,1011,27,33054,21150,2428,10510,12,25],"class_list":{"0":"post-191933","1":"post","2":"type-post","3":"status-publish","4":"format-standard","5":"has-post-thumbnail","7":"category-lyon","8":"tag-actu","9":"tag-actualites","10":"tag-auvergne-rhone-alpes","11":"tag-canicule","12":"tag-chaleur","13":"tag-eu","14":"tag-europe","15":"tag-fr","16":"tag-france","17":"tag-ilots-de-fraicheur","18":"tag-lieux-de-fraicheur","19":"tag-lyon","20":"tag-metropole-de-lyon","21":"tag-news","22":"tag-republique-francaise"},"share_on_mastodon":{"url":"https:\/\/pubeurope.com\/@fr\/114717894216196982","error":""},"_links":{"self":[{"href":"https:\/\/www.europesays.com\/fr\/wp-json\/wp\/v2\/posts\/191933","targetHints":{"allow":["GET"]}}],"collection":[{"href":"https:\/\/www.europesays.com\/fr\/wp-json\/wp\/v2\/posts"}],"about":[{"href":"https:\/\/www.europesays.com\/fr\/wp-json\/wp\/v2\/types\/post"}],"author":[{"embeddable":true,"href":"https:\/\/www.europesays.com\/fr\/wp-json\/wp\/v2\/users\/2"}],"replies":[{"embeddable":true,"href":"https:\/\/www.europesays.com\/fr\/wp-json\/wp\/v2\/comments?post=191933"}],"version-history":[{"count":0,"href":"https:\/\/www.europesays.com\/fr\/wp-json\/wp\/v2\/posts\/191933\/revisions"}],"wp:featuredmedia":[{"embeddable":true,"href":"https:\/\/www.europesays.com\/fr\/wp-json\/wp\/v2\/media\/191934"}],"wp:attachment":[{"href":"https:\/\/www.europesays.com\/fr\/wp-json\/wp\/v2\/media?parent=191933"}],"wp:term":[{"taxonomy":"category","embeddable":true,"href":"https:\/\/www.europesays.com\/fr\/wp-json\/wp\/v2\/categories?post=191933"},{"taxonomy":"post_tag","embeddable":true,"href":"https:\/\/www.europesays.com\/fr\/wp-json\/wp\/v2\/tags?post=191933"}],"curies":[{"name":"wp","href":"https:\/\/api.w.org\/{rel}","templated":true}]}}