{"id":191935,"date":"2025-06-20T21:48:21","date_gmt":"2025-06-20T21:48:21","guid":{"rendered":"https:\/\/www.europesays.com\/fr\/191935\/"},"modified":"2025-06-20T21:48:21","modified_gmt":"2025-06-20T21:48:21","slug":"missions-et-projets-portes-par-lars-ile-de-france-en-matiere-de-lutte-contre-les-nuisances-sonores-et-de-prevention-des-risques-auditifs","status":"publish","type":"post","link":"https:\/\/www.europesays.com\/fr\/191935\/","title":{"rendered":"Missions et projets port\u00e9s par l\u2019ARS \u00cele-de-France en mati\u00e8re de lutte contre les nuisances sonores et de pr\u00e9vention des risques auditifs"},"content":{"rendered":"<p>      <img decoding=\"async\" loading=\"lazy\" src=\"https:\/\/www.europesays.com\/fr\/wp-content\/uploads\/2025\/06\/VIGNETTE SITE (66).png\" width=\"680\" height=\"455\" alt=\"\" typeof=\"foaf:Image\" class=\"img-responsive\"\/><\/p>\n<p>Les missions port\u00e9es par l\u2019ARSLieux diffusant des sons amplifi\u00e9s\u00a0: le contr\u00f4le des dispositions r\u00e9glementaires<\/p>\n<p class=\"text-align-justify\">L\u2019ARS \u00cele-de-France est en charge du contr\u00f4le de la mise en \u0153uvre des dispositions r\u00e8glementaires relatives aux lieux diffusant des sons amplifi\u00e9s (LDSA), sous l\u2019autorit\u00e9 du Pr\u00e9fet. Pour cela, les agents des d\u00e9l\u00e9gations d\u00e9partementales de l\u2019ARS r\u00e9alisent des inspections et des mesures acoustiques dans les \u00e9tablissements et lors des \u00e9v\u00e8nements concern\u00e9s, ainsi que chez les riverains. Seule exception, la commune de Paris o\u00f9 ces missions sont assur\u00e9es par les services de la Pr\u00e9fecture de Police de Paris.<\/p>\n<p class=\"text-align-justify\"><a href=\"https:\/\/www.iledefrance.ars.sante.fr\/les-lieux-diffusant-des-sons-amplifies-ldsa\" target=\"_blank\" data-xiti-name=\"La r\u00e9glementation relative aux LDSA et l\u2019intervention de l\u2019ARS sont d\u00e9taill\u00e9es sur la page.\" data-xiti-chapitre1=\"Missions et projets port\u00e9s par l\u2019ARS \u00cele-de-France en mati\u00e8re de lutte contre les nuisances sonores et de pr\u00e9vention des risques auditifs\" data-xiti-type=\"exit\" rel=\"nofollow noopener\">La r\u00e9glementation relative aux LDSA et l\u2019intervention de l\u2019ARS sont d\u00e9taill\u00e9es sur la page.<\/a><\/p>\n<p>La prise en compte des enjeux du bruit dans les avis sanitaires publi\u00e9s par l\u2019ARS \u00cele-de-France<\/p>\n<p>En vertu de l\u2019article L.1435-1 du code de la sant\u00e9 publique, l\u2019ARS est\u00a0charg\u00e9e de fournir \u00ab\u00a0aux autorit\u00e9s comp\u00e9tentes les avis sanitaires n\u00e9cessaires \u00e0 l&rsquo;\u00e9laboration des plans et programmes ou de toute d\u00e9cision impliquant une \u00e9valuation des effets sur la sant\u00e9 humaine\u00a0\u00bb.\u00a0Elle est sollicit\u00e9e dans le cadre de diverses proc\u00e9dures, principalement l\u2019instruction des permis de construire, la mise \u00e0 jour des documents d\u2019urbanisme, l\u2019autorisation environnementale et l\u2019\u00e9valuation environnementale.<\/p>\n<p>Certains des projets \u00e9valu\u00e9s pr\u00e9sentent des enjeux forts \u00e0 l\u2019\u00e9gard de l\u2019exposition au bruit des populations concern\u00e9es, parce qu\u2019ils sont situ\u00e9s dans des zones fortement impact\u00e9es par certaines sources de bruit (bruit des transports, bruit industriel), susceptibles de se cumuler voire de s\u2019ajouter \u00e0 d\u2019autres types d\u2019expositions environnementales. Par ailleurs, ces projets peuvent exposer des populations pr\u00e9sentant des sensibilit\u00e9s ou vuln\u00e9rabilit\u00e9s particuli\u00e8res (\u00e9tablissements de sant\u00e9 ou d\u2019enseignement).\u00a0<\/p>\n<p>L\u2019Agence porte une attention particuli\u00e8re \u00e0 la prise en compte de l\u2019enjeu du bruit par le p\u00e9titionnaire, tant dans l\u2019\u00e9valuation de l\u2019exposition des populations que dans la d\u00e9finition des mesures de protections envisag\u00e9es.<\/p>\n<p>Les actions de pr\u00e9vention des risques auditifs<\/p>\n<p>      <img decoding=\"async\" loading=\"lazy\" src=\"https:\/\/www.europesays.com\/fr\/wp-content\/uploads\/2025\/06\/Image5.jpg\" width=\"509\" height=\"302\" alt=\"\" typeof=\"foaf:Image\" class=\"img-responsive\"\/><\/p>\n<p>L\u2019ARS \u00cele-de-France r\u00e9alise des campagnes de pr\u00e9vention \u00e0 l\u2019attention du grand public et de publics particuliers.<\/p>\n<p><strong>Campagne \u00ab\u00a0Profitez de la musique, nous prot\u00e9geons vos oreilles\u00a0!\u00a0\u00bb.<\/strong><\/p>\n<p>L\u2019\u00e9coute fr\u00e9quente ou intensive de musique amplifi\u00e9e peut provoquer une atteinte de l\u2019audition parfois irr\u00e9versible. On parle ici de la fr\u00e9quentation de salles de spectacle et de festivals diffusant de la musique amplifi\u00e9e, mais \u00e9galement de l\u2019\u00e9coute de musique sur les appareils mobiles, \u00e0 l\u2019aide d\u2019un casque ou d\u2019\u00e9couteurs.\u00a0En 2025, l\u2019ARS a con\u00e7u et diffus\u00e9 dans les LDSA une affiche rappelant bonnes pratiques et engagements de l\u2019\u00e9tablissement en mati\u00e8re de protection de la sant\u00e9 auditive, dans le cadre de\u00a0<a class=\"link-ext-icon\" href=\"https:\/\/www.calameo.com\/ars-ile-de-france\/subscriptions\/7977995\" target=\"_blank\" data-xiti-name=\"sa_nbsp_\" data-xiti-chapitre1=\"Missions et projets port\u00e9s par l\u2019ARS \u00cele-de-France en mati\u00e8re de lutte contre les nuisances sonores et de pr\u00e9vention des risques auditifs\" data-xiti-type=\"exit\" rel=\"nofollow noopener\">sa\u00a0<\/a><a class=\"ck-anchor\" id=\"_Hlk193902239\">campagne \u00ab\u00a0Profitez de la musique, nous prot\u00e9geons vos oreilles\u00a0!\u00a0\u00bb.<\/a><\/p>\n<p><strong>Interventions et animation de stands<\/strong><\/p>\n<p class=\"text-align-justify\">Des actions de pr\u00e9vention, sont \u00e9galement organis\u00e9es par l\u2019Agence, notamment lors de la journ\u00e9e nationale de l\u2019audition ou de la f\u00eate de la science.\u00a0Des interventions au sein d\u2019\u00e9tablissements scolaires et universitaires sont organis\u00e9es r\u00e9guli\u00e8rement.<\/p>\n<p>Les projets soutenus par l\u2019ARS<\/p>\n<p class=\"text-align-justify\">L\u2019ARS \u00cele-de-France soutient des actions de pr\u00e9vention et peut \u00e9galement organiser des campagnes de mesure et des \u00e9tudes sp\u00e9cifiques \u00e0 des publics particuli\u00e8rement vuln\u00e9rables.<\/p>\n<p>      <img decoding=\"async\" loading=\"lazy\" src=\"https:\/\/www.europesays.com\/fr\/wp-content\/uploads\/2025\/06\/Image4.png\" width=\"256\" height=\"367\" alt=\"\" typeof=\"foaf:Image\" class=\"img-responsive\"\/><\/p>\n<p>L\u2019environnement sonore dans les services de n\u00e9onatologie<\/p>\n<p class=\"text-align-justify\">\u00c0 la naissance, les nouveau-n\u00e9s ont besoin d\u2019\u00e9voluer dans un environnement calme. Durant les premiers jours de leur existence, les enfants n\u00e9s pr\u00e9matur\u00e9s se retrouvent expos\u00e9s aux nombreux bruits pr\u00e9sents dans les services de n\u00e9onatalogie. Afin d\u2019objectiver ces niveaux sonores et d\u2019am\u00e9liorer cette situation, l\u2019ARS \u00cele-de-France a r\u00e9alis\u00e9\u00a0<a href=\"http:\/\/www.iledefrance.ars.sante.fr\/neonatalite-etude-de-lenvironnement-sonore-dans-des-maternites-dile-de-france\" target=\"_blank\" data-xiti-name=\"une campagne de mesures dans ces services\" data-xiti-chapitre1=\"Missions et projets port\u00e9s par l\u2019ARS \u00cele-de-France en mati\u00e8re de lutte contre les nuisances sonores et de pr\u00e9vention des risques auditifs\" data-xiti-type=\"exit\" rel=\"nofollow noopener\">une campagne de mesures dans ces services<\/a>\u00a0ainsi que des actions de sensibilisation destin\u00e9es au personnel soignant.<\/p>\n<p>\u00c0 la suite de cette action, un dispositif de formation a \u00e9t\u00e9 cr\u00e9\u00e9 avec le CidB (Centre d\u2019information sur le bruit) \u00e0 l\u2019attention des professionnels de sant\u00e9 des services de n\u00e9onatalogie et de r\u00e9animation n\u00e9onatale pour am\u00e9liorer concr\u00e8tement l\u2019environnement sonore des enfants pr\u00e9matur\u00e9s pendant leur s\u00e9jour hospitalier.<\/p>\n<p>Soutien des acteurs de la pr\u00e9vention des risques auditifs<\/p>\n<p>L\u2019ARS \u00cele-de-France soutient depuis de nombreuses ann\u00e9es des programmes d\u2019actions r\u00e9alis\u00e9s par des op\u00e9rateurs issus du monde associatif intervenant dans le champ de la pr\u00e9vention des risques auditifs, pour l\u2019\u00e9ducation et la sensibilisation des jeunes (de 6 ans \u00e0 25 ans), et l\u2019am\u00e9lioration des connaissances des risques et la formation et la sensibilisation des professionnels de sant\u00e9 ou intervenants au contact des enfants.<\/p>\n<p>L\u2019objectif principal est de faire \u00e9voluer les habitudes d\u2019\u00e9coute et de pratique de la musique des jeunes, afin de r\u00e9duire les comportements \u00e0 risque pour leur sant\u00e9 auditive.<\/p>\n<p>Le caract\u00e8re irr\u00e9versible de la plupart des pathologies auditives provoqu\u00e9es par l\u2019usage fr\u00e9quent et intensif d\u2019\u00e9coute de musique amplifi\u00e9e, avec ou sans un casque ou des \u00e9couteurs, et le pl\u00e9biscite par les jeunes de ces pratiques d\u2019\u00e9coute, justifient que la pr\u00e9vention soit l\u2019axe essentiel des actions de lutte contre les risques li\u00e9s aux surexpositions sonores (sensibilisation, information, formation).<\/p>\n<p><strong>Education et sensibilisation aux risques auditifs li\u00e9s \u00e0 l\u2019\u00e9coute et \u00e0 la pratique de la musique\u00a0<\/strong><\/p>\n<p class=\"text-align-justify\">Plusieurs dispositifs de sensibilisation aux risques auditifs sont d\u00e9ploy\u00e9s dans les \u00e9tablissements scolaires en \u00cele-de-France, notamment des concerts p\u00e9dagogiques \u00e0 destination des \u00e9l\u00e8ves de primaires, des coll\u00e9giens et des lyc\u00e9ens, et des interventions en classe \u00e0 l\u2019aide de supports num\u00e9riques pour auto-\u00e9valuer sa dose d\u2019exposition, propos\u00e9s par des associations soutenues par l\u2019ARS \u00cele-de-France\u00a0:<\/p>\n<ul>\n<li><a class=\"link-ext-icon\" href=\"https:\/\/www.lerif.org\/spectacle-pedagogique-et-interventions-en-milieu-scolaire\/\" target=\"_blank\" data-xiti-name=\"Les dispositifs \u00ab_nbsp_Peace _amp_ Lobe\" data-xiti-chapitre1=\"Missions et projets port\u00e9s par l\u2019ARS \u00cele-de-France en mati\u00e8re de lutte contre les nuisances sonores et de pr\u00e9vention des risques auditifs\" data-xiti-type=\"exit\" rel=\"nofollow noopener\">Les dispositifs \u00ab\u00a0Peace &amp; Lobe<\/a>\u00a0\u00bb<strong>\u00a0<\/strong>(coll\u00e9giens et lyc\u00e9ens), \u00ab\u00a0Orel, Octave et M\u00e9lodie\u00a0\u00bb (primaires) et \u00ab\u00a0Les dessous du son \u00bb par le R\u00e9seau des musiques actuelles en \u00cele-de-France (<strong>RIF<\/strong>)\u00a0<\/li>\n<li>La mallette \u00ab\u00a0Kiwi \u00bb, outil con\u00e7u par <strong>Bruitparif,\u00a0<\/strong>qui a permis entre 2016 et 2023 la r\u00e9alisation en classe de s\u00e9ances de sensibilisation aux risques auditifs \u00e0 destination des coll\u00e9giens et des lyc\u00e9ens, centr\u00e9es sur les pratiques d\u2019\u00e9coute de musiques amplifi\u00e9es.<\/li>\n<li>Le <strong>CIdB\u00a0<\/strong>(Centre d\u2019information sur le bruit) intervient depuis de nombreuses ann\u00e9es plus particuli\u00e8rement aupr\u00e8s de certains publics cibles (fili\u00e8res professionnelles, \u00e9l\u00e8ves de primaire) et des professionnels impliqu\u00e9s.<\/li>\n<\/ul>\n<p class=\"text-align-justify\">Ces actions men\u00e9es conjointement par 3 partenaires (Le RIF, le CiDB et Bruitparif) ont permis de constituer un questionnaire commun permettant de mieux connaitre les habitudes des adolescents en termes d\u2019\u00e9coute de musique et d\u2019exposition \u00e0 des niveaux sonores \u00e9lev\u00e9s.\u00a0<a href=\"https:\/\/www.iledefrance.ars.sante.fr\/media\/121224\/download?inline\" rel=\"nofollow noopener\" target=\"_blank\">Une synth\u00e8se de ces r\u00e9sultats\u00a0<\/a>est disponible sur le site de l&rsquo;ARS.<\/p>\n<p class=\"text-align-justify\"><a class=\"link-ext-icon\" href=\"http:\/\/www.auditionsolidarite.org\/fr\/laction-prevention-auditive\/\" target=\"_blank\" data-xiti-name=\"Des interventions ont \u00e9galement \u00e9t\u00e9 organis\u00e9es dans les conservatoires de musique\" data-xiti-chapitre1=\"Missions et projets port\u00e9s par l\u2019ARS \u00cele-de-France en mati\u00e8re de lutte contre les nuisances sonores et de pr\u00e9vention des risques auditifs\" data-xiti-type=\"exit\" rel=\"nofollow noopener\">Des interventions ont \u00e9galement \u00e9t\u00e9 organis\u00e9es dans les conservatoires de musique<\/a>\u00a0pour sensibiliser les professeurs et les \u00e9l\u00e8ves aux bons r\u00e9flexes et r\u00e9duire les expositions aux niveaux sonores \u00e9lev\u00e9s.<\/p>\n<p class=\"text-align-justify\">Le recours \u00e0 des pairs pour faire passer les messages de sensibilisation aux risques auditifs est d\u00e9velopp\u00e9 par d\u2019autres acteurs, notamment l\u2019association <strong>Avenir sant\u00e9<\/strong> lors d\u2019\u00e9v\u00e8nements festifs (festivals, soir\u00e9es \u00e9tudiantes, concerts\u2026) :\u00a0<a class=\"link-ext-icon\" href=\"https:\/\/www.avenir-sante.com\/\" target=\"_blank\" data-xiti-name=\"Avenir Sant\u00e9_ les actions de pr\u00e9vention en milieu festif.\" data-xiti-chapitre1=\"Missions et projets port\u00e9s par l\u2019ARS \u00cele-de-France en mati\u00e8re de lutte contre les nuisances sonores et de pr\u00e9vention des risques auditifs\" data-xiti-type=\"exit\" rel=\"nofollow noopener\">Avenir Sant\u00e9, les actions de pr\u00e9vention en milieu festif.<\/a><\/p>\n<p><strong>Am\u00e9lioration des connaissances &#8211; outils de sensibilisation disponibles\u00a0<\/strong><\/p>\n<p>S\u2019informer, se documenter sur le bruit et plus largement sur l\u2019environnement sonore est aujourd\u2019hui possible gr\u00e2ce \u00e0\u00a0<a class=\"link-ext-icon\" href=\"https:\/\/www.bruit.fr\/ressources\/pedagotheque\" target=\"_blank\" data-xiti-name=\"la p\u00e9dagoth\u00e8que h\u00e9berg\u00e9e sur le site Internet du CidB\" data-xiti-chapitre1=\"Missions et projets port\u00e9s par l\u2019ARS \u00cele-de-France en mati\u00e8re de lutte contre les nuisances sonores et de pr\u00e9vention des risques auditifs\" data-xiti-type=\"exit\" rel=\"nofollow noopener\">la p\u00e9dagoth\u00e8que h\u00e9berg\u00e9e sur le site Internet du CidB<\/a>, soutenue par l\u2019ARS. Ce portail interactif rassemble des ressources p\u00e9dagogiques vari\u00e9es (avec une veille permanente pour alimenter le site avec de nouveaux outils), permettant de mener \u00e0 bien des campagnes de pr\u00e9vention sur le bruit et ses effets sur la sant\u00e9. Il est destin\u00e9 plus particuli\u00e8rement aux enseignants, aux professionnels de la sant\u00e9, de l\u2019environnement et de la musique.\u00a0Ce sont \u00e0 ce jour plus de 400 outils recens\u00e9s et accessibles en \u00cele-de-France.<\/p>\n","protected":false},"excerpt":{"rendered":"Les missions port\u00e9es par l\u2019ARSLieux diffusant des sons amplifi\u00e9s\u00a0: le contr\u00f4le des dispositions r\u00e9glementaires L\u2019ARS \u00cele-de-France est en&hellip;\n","protected":false},"author":2,"featured_media":191936,"comment_status":"","ping_status":"","sticky":false,"template":"","format":"standard","meta":{"footnotes":""},"categories":[1592],"tags":[1111,11,9372,1777,674,1011,27,662,12,2901,626,25,33055],"class_list":{"0":"post-191935","1":"post","2":"type-post","3":"status-publish","4":"format-standard","5":"has-post-thumbnail","7":"category-ile-de-france","8":"tag-actu","9":"tag-actualites","10":"tag-bruit","11":"tag-eu","12":"tag-europe","13":"tag-fr","14":"tag-france","15":"tag-ile-de-france","16":"tag-news","17":"tag-nuisances-sonores","18":"tag-paris","19":"tag-republique-francaise","20":"tag-risques-auditifs"},"share_on_mastodon":{"url":"https:\/\/pubeurope.com\/@fr\/114717897866633307","error":""},"_links":{"self":[{"href":"https:\/\/www.europesays.com\/fr\/wp-json\/wp\/v2\/posts\/191935","targetHints":{"allow":["GET"]}}],"collection":[{"href":"https:\/\/www.europesays.com\/fr\/wp-json\/wp\/v2\/posts"}],"about":[{"href":"https:\/\/www.europesays.com\/fr\/wp-json\/wp\/v2\/types\/post"}],"author":[{"embeddable":true,"href":"https:\/\/www.europesays.com\/fr\/wp-json\/wp\/v2\/users\/2"}],"replies":[{"embeddable":true,"href":"https:\/\/www.europesays.com\/fr\/wp-json\/wp\/v2\/comments?post=191935"}],"version-history":[{"count":0,"href":"https:\/\/www.europesays.com\/fr\/wp-json\/wp\/v2\/posts\/191935\/revisions"}],"wp:featuredmedia":[{"embeddable":true,"href":"https:\/\/www.europesays.com\/fr\/wp-json\/wp\/v2\/media\/191936"}],"wp:attachment":[{"href":"https:\/\/www.europesays.com\/fr\/wp-json\/wp\/v2\/media?parent=191935"}],"wp:term":[{"taxonomy":"category","embeddable":true,"href":"https:\/\/www.europesays.com\/fr\/wp-json\/wp\/v2\/categories?post=191935"},{"taxonomy":"post_tag","embeddable":true,"href":"https:\/\/www.europesays.com\/fr\/wp-json\/wp\/v2\/tags?post=191935"}],"curies":[{"name":"wp","href":"https:\/\/api.w.org\/{rel}","templated":true}]}}