{"id":191940,"date":"2025-06-20T21:51:13","date_gmt":"2025-06-20T21:51:13","guid":{"rendered":"https:\/\/www.europesays.com\/fr\/191940\/"},"modified":"2025-06-20T21:51:13","modified_gmt":"2025-06-20T21:51:13","slug":"de-la-manipulation-et-du-manque-de-respect-marie-antoinette-katoto-se-paie-le-psg-apres-son-depart-a-lyon","status":"publish","type":"post","link":"https:\/\/www.europesays.com\/fr\/191940\/","title":{"rendered":"\u00ab De la manipulation et du manque de respect \u00bb : Marie-Antoinette Katoto se paie le PSG apr\u00e8s son d\u00e9part \u00e0 Lyon"},"content":{"rendered":"<p class=\"paragraph text_align_left lp-f-body-02\">Elle se l\u00e2che sur son ancien club. L\u2019ex-attaquante du PSG, Marie-Antoinette Katoto, <a href=\"https:\/\/www.leparisien.fr\/sports\/football\/football-linternationale-francaise-marie-antoinette-katoto-quitte-le-psg-et-signe-quatre-ans-a-lyon-04-06-2025-FNASNHDDPNF6HLLSVEJHOHFSSI.php\" target=\"_blank\" rel=\"noreferrer noopener\">qui a sign\u00e9 \u00e0 l\u2019OL Lyonnes<\/a>, regrette aupr\u00e8s de l\u2019AFP \u00ab la manipulation \u00bb du club parisien \u00e0 son encontre.<\/p>\n<p class=\"paragraph text_align_left lp-f-body-02\">\u00ab Je ne m\u2019attendais pas \u00e0 une bonne sortie car cela s\u2019est souvent mal fini avec des joueurs et joueuses \u00bb, a d\u00e9clar\u00e9 mercredi \u00e0 l\u2019AFP la buteuse, au PSG depuis ses 16 ans (2015) et <a href=\"https:\/\/www.leparisien.fr\/sports\/football\/psg-feminin\/ol-psg-feminin-pourquoi-katoto-meilleure-buteuse-de-lhistoire-de-paris-va-partir-dans-lindifference-16-05-2025-QFVYKBF3JVBZLCPLSRNAJD36CQ.php\" target=\"_blank\" rel=\"noreferrer noopener\">qui n\u2019a quasiment plus jou\u00e9 sous les couleurs parisiennes depuis le 11 avril<\/a>.<\/p>\n<p class=\"paragraph text_align_left lp-f-body-02\">\u00ab \u00c7a va mieux, je n\u2019ai pas beaucoup jou\u00e9 au mois de mai, c\u2019\u00e9tait un peu compliqu\u00e9 mais la coupure et la reprise m\u2019ont fait du bien \u00bb, a-t-elle ajout\u00e9, alors qu\u2019elle est en pr\u00e9paration pour l\u2019Euro.<\/p>\n<p>Elle s\u2019explique sur son altercation avec le directeur sportif<\/p>\n<p class=\"paragraph text_align_left lp-f-body-02\">Pour le s\u00e9lectionneur, Laurent Bonadei, \u00ab MAK \u00bb a fait \u00ab le bon choix de d\u00e9cider de son avenir avant l\u2019Euro. Elle est focus, je la trouve \u00e9panouie et heureuse d\u2019\u00eatre l\u00e0 \u00bb.<\/p>\n<p class=\"paragraph text_align_left lp-f-body-02\">Sa fin de contrat au PSG a \u00e9t\u00e9 marqu\u00e9e par <a href=\"https:\/\/www.leparisien.fr\/sports\/football\/psg-feminin\/psg-feminin-altercation-entre-marie-antoinette-katoto-et-le-directeur-sportif-du-club-07-05-2025-F4WIN66S7VGR3PJKN5TBV3YKAY.php\" target=\"_blank\" rel=\"noreferrer noopener\">une altercation entre elle et le directeur sportif de la section f\u00e9minine<\/a>. Les deux entretenaient des relations tendues depuis plusieurs mois. Elle a aussi p\u00e2ti du d\u00e9part de l\u2019entra\u00eeneur Fabrice Abriel, critiqu\u00e9 pour ses r\u00e9sultats et son management mais avec qui elle s\u2019entendait bien.<\/p>\n<p class=\"paragraph text_align_left lp-f-body-02\">\u00ab Il y a eu de la manipulation et du manque de respect: on m\u2019a reproch\u00e9e ma r\u00e9action, je m\u2019en veux car il me restait plus quelques jours \u00e0 tenir&#8230; Mais sur un \u00e9ni\u00e8me manque de respect, j\u2019ai r\u00e9agi, je n\u2019aurais pas d\u00fb \u00bb, a-t-elle expliqu\u00e9 \u00e0 propos de son altercation avec son ancien dirigeant.<\/p>\n<p>Fabrice Abriel, \u00ab seul contre tous \u00bb<\/p>\n<p class=\"paragraph text_align_left lp-f-body-02\">Depuis l\u2019hiver, le club avait indiqu\u00e9 ne pas souhaiter prolonger la meilleure buteuse du club (162 buts) car elle n\u2019avait pas la bonne mentalit\u00e9 pour l\u2019\u00e9quipe, selon une source proche du dossier, pr\u00e9cisant que le club l\u2019avait soutenu lors de sa longue absence \u00e0 cause de sa blessure au genou (saison blanche en 2022-2023).<\/p>\n<p class=\"paragraph text_align_left lp-f-body-02\">Concernant Fabrice Abriel, mis \u00e0 pied apr\u00e8s <a href=\"https:\/\/www.leparisien.fr\/sports\/football\/psg-feminin\/paris-fc-psg-feminin-0-0-5-tab-4-le-pfc-simpose-au-bout-dune-seance-de-tirs-au-but-irrespirable-03-05-2025-L4QGGI2NLZGADC56DBGASYKEFE.php\" target=\"_blank\" rel=\"noreferrer noopener\">la finale de Coupe de France perdue contre le PFC<\/a>, elle affirme que c\u2019est une \u00ab personne \u00bb qu\u2019elle \u00ab appr\u00e9cie \u00bb.<\/p>\n<p class=\"paragraph text_align_left lp-f-body-02\">\u00ab Il \u00e9tait seul contre tous, on a voulu lui mettre des b\u00e2tons dans les roues, cela a \u00e9t\u00e9 dur pour Fabrice Abriel mais aussi pour Jocelyn et G\u00e9rard Pr\u00eacheur \u00bb, les entraineurs pr\u00e9c\u00e9dents, selon l\u2019attaquante.<\/p>\n<p class=\"paragraph text_align_left lp-f-body-02\">\u00ab Je savais d\u00e8s le d\u00e9but que cela allait se passer comme cela, il a voulu faire d\u2019une mani\u00e8re qui ressemblait \u00e0 ses valeurs, il n\u2019a pas voulu changer pour le club \u00bb, a-t-elle insist\u00e9. \u00ab Quand on voit comment c\u2019est instable, on ne peut pas toujours dire que c\u2019est la faute de l\u2019entraineur, j\u2019ai eu trois entraineurs en trois saisons, c\u2019est un bordel pas possible \u00bb, a-t-elle estim\u00e9.<\/p>\n<p class=\"paragraph text_align_left lp-f-body-02\">Maintenant, \u00ab c\u2019est du pass\u00e9, je leur souhaite vraiment bon courage, ils en auront besoin \u00bb, a lanc\u00e9 Katoto, qui a sign\u00e9 pour quatre ans \u00e0 Lyon. \u00ab Je suis tr\u00e8s heureuse et soulag\u00e9e, l\u2019ann\u00e9e a \u00e9t\u00e9 longue, je commen\u00e7ais \u00e0 \u00eatre vraiment impatiente, j\u2019ai une envie de d\u00e9couvrir et de passer un cap \u00bb, conclut-elle.<\/p>\n<p class=\"paragraph text_align_left lp-f-body-02\">Contact\u00e9 par l\u2019AFP, le PSG n\u2019a pas souhait\u00e9 r\u00e9agir.<\/p>\n","protected":false},"excerpt":{"rendered":"Elle se l\u00e2che sur son ancien club. L\u2019ex-attaquante du PSG, Marie-Antoinette Katoto, qui a sign\u00e9 \u00e0 l\u2019OL Lyonnes,&hellip;\n","protected":false},"author":2,"featured_media":191941,"comment_status":"","ping_status":"","sticky":false,"template":"","format":"standard","meta":{"footnotes":""},"categories":[1888],"tags":[1111,1928,11,1927,1777,674,63,1011,27,12,1926,626,1925,13887,25,60],"class_list":{"0":"post-191940","1":"post","2":"type-post","3":"status-publish","4":"format-standard","5":"has-post-thumbnail","7":"category-paris","8":"tag-actu","9":"tag-actu-paris","10":"tag-actualites","11":"tag-actualites-paris","12":"tag-eu","13":"tag-europe","14":"tag-football","15":"tag-fr","16":"tag-france","17":"tag-news","18":"tag-news-paris","19":"tag-paris","20":"tag-paris-news","21":"tag-psg-feminin","22":"tag-republique-francaise","23":"tag-sports"},"share_on_mastodon":{"url":"https:\/\/pubeurope.com\/@fr\/114717909567716536","error":""},"_links":{"self":[{"href":"https:\/\/www.europesays.com\/fr\/wp-json\/wp\/v2\/posts\/191940","targetHints":{"allow":["GET"]}}],"collection":[{"href":"https:\/\/www.europesays.com\/fr\/wp-json\/wp\/v2\/posts"}],"about":[{"href":"https:\/\/www.europesays.com\/fr\/wp-json\/wp\/v2\/types\/post"}],"author":[{"embeddable":true,"href":"https:\/\/www.europesays.com\/fr\/wp-json\/wp\/v2\/users\/2"}],"replies":[{"embeddable":true,"href":"https:\/\/www.europesays.com\/fr\/wp-json\/wp\/v2\/comments?post=191940"}],"version-history":[{"count":0,"href":"https:\/\/www.europesays.com\/fr\/wp-json\/wp\/v2\/posts\/191940\/revisions"}],"wp:featuredmedia":[{"embeddable":true,"href":"https:\/\/www.europesays.com\/fr\/wp-json\/wp\/v2\/media\/191941"}],"wp:attachment":[{"href":"https:\/\/www.europesays.com\/fr\/wp-json\/wp\/v2\/media?parent=191940"}],"wp:term":[{"taxonomy":"category","embeddable":true,"href":"https:\/\/www.europesays.com\/fr\/wp-json\/wp\/v2\/categories?post=191940"},{"taxonomy":"post_tag","embeddable":true,"href":"https:\/\/www.europesays.com\/fr\/wp-json\/wp\/v2\/tags?post=191940"}],"curies":[{"name":"wp","href":"https:\/\/api.w.org\/{rel}","templated":true}]}}