{"id":191942,"date":"2025-06-20T21:52:09","date_gmt":"2025-06-20T21:52:09","guid":{"rendered":"https:\/\/www.europesays.com\/fr\/191942\/"},"modified":"2025-06-20T21:52:09","modified_gmt":"2025-06-20T21:52:09","slug":"a-lambroisie-bernard-pacaud-resiste-aux-vulgarites-de-lepoque","status":"publish","type":"post","link":"https:\/\/www.europesays.com\/fr\/191942\/","title":{"rendered":"\u00e0 l\u2019Ambroisie, Bernard Pacaud r\u00e9siste aux vulgarit\u00e9s de l\u2019\u00e9poque"},"content":{"rendered":"<p>Fin juillet, le chef triplement \u00e9toil\u00e9 de Paris depuis trente-sept ans quittera L\u2019Ambroisie. Fait d\u2019exigence, d\u2019humilit\u00e9 et de travail, son parcours pour devenir un grand monsieur de la gastronomie fran\u00e7aise aura \u00e9t\u00e9 exceptionnel.<\/p>\n<p class=\"fig-paragraph\">\u00c0 L\u2019Ambroisie, o\u00f9 les vulgarit\u00e9s de l\u2019\u00e9poque \u2013fausses valeurs, m\u00e9diatisation tiktokienne et \u00e9mulsion de l\u2019ego\u2013 n\u2019entrent pas, on parle de cuisine plus que de soi. Bernard Pacaud n\u2019accorde que de tr\u00e8s rares interviews. Il n\u2019est pas question, pour lui, de d\u00e9plaire ou de soigner une posture, mais l\u2019homme est un taiseux. Aux \u00e2mes d\u00e9licates, la discr\u00e9tion s\u2019impose. Le 31 mars dernier, lors de la remise du prix du chef mentor 2025 par\u00a0<a href=\"http:\/\/www.lefigaro.fr\/gastronomie\/avant-la-ceremonie-du-guide-michelin-2025-decouvrez-les-35-restaurants-preferes-du-figaro-20250328\" data-fig-type=\"Article\" data-gtm-custom-categorie=\"navigation\" data-gtm-custom-action=\"crossclick\" data-gtm-custom-label=\"Contextuel\" data-gtm-event=\"customEventSPE\" data-fig-domain=\"LEFIGARO\" target=\"_blank\" rel=\"noopener\">le Michelin<\/a>, son \u00e9motion, d\u00e9cupl\u00e9e par l\u2019ovation de ses confr\u00e8res, se d\u00e9voilait sans effusion. Dani\u00e8le, son \u00e9pouse, \u00e9tait en larmes. Lui, retenait les siennes. En guise de remerciements \u00e9nonc\u00e9s sur un ton laconique, cette formule lapidaire\u00a0: \u00ab J\u2019\u00e9tais un orphelin, et j\u2019ai eu une m\u00e8re, la M\u00e8re Brazier et un p\u00e8re, Claude Peyrot, voil\u00e0\u00a0!\u00a0\u00bb Tout \u00e9tait dit de l\u2019intime et du professionnel\u00a0: un concentr\u00e9 sans filtre de l\u2019essentiel.<\/p>\n<p class=\"fig-paragraph\">Ce titre honorifique venait \u00e9galement consacrer le succ\u00e8s d\u2019une institution parisienne ouverte place des Vosges, en d\u00e9cembre\u2026<\/p>\n<p class=\"fig-premium-paywall__infos\">\n        Cet article est r\u00e9serv\u00e9 aux abonn\u00e9s.        Il vous reste 91% \u00e0 d\u00e9couvrir.\n    <\/p>\n<p>                <img  data- alt=\"Le Figaro\" class=\"fig-img--complete fig-img\"\/><\/p>\n<p class=\"fig-premium-paywall__title\">Vente Flash<\/p>\n<p class=\"fig-premium-paywall__subtitle\">3,99\u20ac par mois pendant 12 mois. Sans engagement.<\/p>\n<p class=\"fig-premium-paywall__connect\">\n                D\u00e9j\u00e0 abonn\u00e9\u00a0?                <a class=\"fig-premium-paywall__connect-link\" href=\"https:\/\/connect.lefigaro.fr\/login?client=horizon_web&amp;type=main&amp;redirect_uri=https%3A%2F%2Fwww.lefigaro.fr%2Fgastronomie%2F3-etoiles-michelin-depuis-37-ans-a-l-ambroisie-bernard-pacaud-resiste-aux-vulgarites-de-l-epoque-20250620\" data-js-gtm=\"{&quot;customCategorie&quot;: &quot;conversion&quot;, &quot;customAction&quot;: &quot;before_Landing_Connexion_paywall_auto&quot;, &quot;customLabel&quot;: &quot;bGVmaWdhcm8uZnJfXzFmMDRjZjNlLTM0MzEtNmRjMC1hNWE1LWVmOTJhM2UzZDg3MF9fQXJ0aWNsZQ==_3 \u00e9toiles Michelin depuis 37 ans: \u00e0 l\u2019Ambroisie, Bernard Pacaud r\u00e9siste aux vulgarit\u00e9s de l\u2019\u00e9poque_119&quot;, &quot;customIDSPE&quot;: &quot;bGVmaWdhcm8uZnJfXzFmMDRjZjNlLTM0MzEtNmRjMC1hNWE1LWVmOTJhM2UzZDg3MF9fQXJ0aWNsZQ==&quot;, &quot;event&quot;: &quot;customEventSPE&quot;}\" target=\"_blank\" rel=\"noopener\"><br \/>\n                    Connectez-vous<br \/>\n                <\/a>\n            <\/p>\n","protected":false},"excerpt":{"rendered":"Fin juillet, le chef triplement \u00e9toil\u00e9 de Paris depuis trente-sept ans quittera L\u2019Ambroisie. Fait d\u2019exigence, d\u2019humilit\u00e9 et de&hellip;\n","protected":false},"author":2,"featured_media":191943,"comment_status":"","ping_status":"","sticky":false,"template":"","format":"standard","meta":{"footnotes":""},"categories":[1888],"tags":[1111,2016,2018,2015,2019,11,2020,1777,674,1011,27,493,12,626,25,2021,2017],"class_list":{"0":"post-191942","1":"post","2":"type-post","3":"status-publish","4":"format-standard","5":"has-post-thumbnail","7":"category-paris","8":"tag-actu","9":"tag-actu-gastronomie","10":"tag-actu-recette","11":"tag-actualite-gastronomie","12":"tag-actualite-nutrition","13":"tag-actualites","14":"tag-culinaire","15":"tag-eu","16":"tag-europe","17":"tag-fr","18":"tag-france","19":"tag-guide-michelin","20":"tag-news","21":"tag-paris","22":"tag-republique-francaise","23":"tag-restauration","24":"tag-tendance-cuisine"},"share_on_mastodon":{"url":"https:\/\/pubeurope.com\/@fr\/114717913495015763","error":""},"_links":{"self":[{"href":"https:\/\/www.europesays.com\/fr\/wp-json\/wp\/v2\/posts\/191942","targetHints":{"allow":["GET"]}}],"collection":[{"href":"https:\/\/www.europesays.com\/fr\/wp-json\/wp\/v2\/posts"}],"about":[{"href":"https:\/\/www.europesays.com\/fr\/wp-json\/wp\/v2\/types\/post"}],"author":[{"embeddable":true,"href":"https:\/\/www.europesays.com\/fr\/wp-json\/wp\/v2\/users\/2"}],"replies":[{"embeddable":true,"href":"https:\/\/www.europesays.com\/fr\/wp-json\/wp\/v2\/comments?post=191942"}],"version-history":[{"count":0,"href":"https:\/\/www.europesays.com\/fr\/wp-json\/wp\/v2\/posts\/191942\/revisions"}],"wp:featuredmedia":[{"embeddable":true,"href":"https:\/\/www.europesays.com\/fr\/wp-json\/wp\/v2\/media\/191943"}],"wp:attachment":[{"href":"https:\/\/www.europesays.com\/fr\/wp-json\/wp\/v2\/media?parent=191942"}],"wp:term":[{"taxonomy":"category","embeddable":true,"href":"https:\/\/www.europesays.com\/fr\/wp-json\/wp\/v2\/categories?post=191942"},{"taxonomy":"post_tag","embeddable":true,"href":"https:\/\/www.europesays.com\/fr\/wp-json\/wp\/v2\/tags?post=191942"}],"curies":[{"name":"wp","href":"https:\/\/api.w.org\/{rel}","templated":true}]}}