{"id":191956,"date":"2025-06-20T21:59:12","date_gmt":"2025-06-20T21:59:12","guid":{"rendered":"https:\/\/www.europesays.com\/fr\/191956\/"},"modified":"2025-06-20T21:59:12","modified_gmt":"2025-06-20T21:59:12","slug":"au-salon-du-bourget-emmanuel-macron-appelle-leurope-a-reconquerir-lespace-a-marche-forcee","status":"publish","type":"post","link":"https:\/\/www.europesays.com\/fr\/191956\/","title":{"rendered":"Au Salon du Bourget, Emmanuel Macron appelle l\u2019Europe \u00e0 reconqu\u00e9rir l\u2019espace \u00ab\u00a0\u00e0 marche forc\u00e9e\u00a0\u00bb"},"content":{"rendered":"<p>Le pr\u00e9sident fran\u00e7ais, lors d\u2019un discours au <a href=\"https:\/\/www.letelegramme.fr\/economie\/aerospatial-le-bourget-2025-porte-par-la-guerre-et-linnovation-6835574.php\" target=\"_blank\" rel=\"nofollow noopener\">salon de l\u2019a\u00e9ronautique du Bourget<\/a>, ce vendredi 20 juin 2025, a souhait\u00e9 que l\u2019Union europ\u00e9enne se donne les moyens de devenir une \u00ab puissance spatiale \u00bb et promis de \u00ab se battre \u00bb pour une \u00ab pr\u00e9f\u00e9rence europ\u00e9enne \u00bb en la mati\u00e8re.<\/p>\n<p>Il a \u00e9galement annonc\u00e9, pour fin octobre, une \u00ab strat\u00e9gie spatiale nationale \u00bb fran\u00e7aise, qui s\u2019articulera avec l\u2019europ\u00e9enne, et l\u2019organisation, d\u00e9but 2026, d\u2019un \u00ab Space Summit \u00bb en France pour \u00ab consolider toute cette strat\u00e9gie et mobiliser nos partenaires publics et priv\u00e9s \u00e0 travers la plan\u00e8te \u00bb.<\/p>\n<p>Ne pas manquer les prochains \u00ab tournants \u00bb<\/p>\n<p>Emmanuel Macron a relev\u00e9 que l\u2019Europe spatiale avait, ces derni\u00e8res ann\u00e9es, \u00ab manqu\u00e9 plusieurs tournants \u00bb, qu\u2019il s\u2019agisse des lanceurs r\u00e9utilisables ou modulaires. \u00ab <a href=\"https:\/\/www.letelegramme.fr\/monde\/un-pas-de-geant-spacex-marque-lhistoire-avec-la-premiere-sortie-spatiale-privee-6660266.php\" target=\"_blank\" rel=\"nofollow noopener\">SpaceX<\/a> a boulevers\u00e9 le march\u00e9, Amazon se lance aussi. La Chine n\u2019est pas en reste et je pense qu\u2019il faut qu\u2019on soit tr\u00e8s lucide tous ensemble \u00bb, a-t-il not\u00e9, en remarquant que les Europ\u00e9ens avaient \u00e9t\u00e9 \u00ab \u00e0 deux doigts d\u2019\u00eatre totalement sortis du jeu des constellations LEO \u00bb, les satellites en orbite basse.<\/p>\n<blockquote><p>Notre Europe doit d\u00e9cider de redevenir une puissance spatiale, la France en \u00e9tant le c\u0153ur.<\/p><\/blockquote>\n<p>\u00ab On ne peut pas accepter que nous, nos partenaires, devions passer ou d\u00e9pendre de constellations non europ\u00e9ennes en orbite basse \u00bb, ce serait \u00ab une folie \u00bb, a martel\u00e9 le pr\u00e9sident fran\u00e7ais, en qualifiant la constellation d\u2019Eutelsat et Oneweb de \u00ab tr\u00e9sor strat\u00e9gique \u00bb.<\/p>\n<p>\u00ab Et donc, nous soutenons pleinement l\u2019augmentation de capital massive qui a \u00e9t\u00e9 annonc\u00e9e \u00bb, jeudi, pour d\u00e9velopper Eutelsat, a-t-il r\u00e9p\u00e9t\u00e9, en appelant aussi des acteurs extra-europ\u00e9ens \u00e0 en devenir \u00ab partenaires \u00bb. \u00ab \u00c7a doit \u00eatre la solution de nos grands partenaires strat\u00e9giques, golfiques, indiens, canadiens, br\u00e9siliens, a ajout\u00e9 le chef de l\u2019\u00c9tat. Notre Europe doit donc d\u00e9cider de redevenir une puissance spatiale, la France en \u00e9tant le c\u0153ur \u00bb, a-t-il plaid\u00e9, au nom aussi de la d\u00e9fense du continent face aux menaces strat\u00e9giques.<\/p>\n","protected":false},"excerpt":{"rendered":"Le pr\u00e9sident fran\u00e7ais, lors d\u2019un discours au salon de l\u2019a\u00e9ronautique du Bourget, ce vendredi 20 juin 2025, a&hellip;\n","protected":false},"author":2,"featured_media":191957,"comment_status":"","ping_status":"","sticky":false,"template":"","format":"standard","meta":{"footnotes":""},"categories":[1586],"tags":[11,1073,765,386,1777,674,1011,27,12,25],"class_list":{"0":"post-191956","1":"post","2":"type-post","3":"status-publish","4":"format-standard","5":"has-post-thumbnail","7":"category-europe","8":"tag-actualites","9":"tag-emmanuel-macron","10":"tag-en-continu","11":"tag-espace","12":"tag-eu","13":"tag-europe","14":"tag-fr","15":"tag-france","16":"tag-news","17":"tag-republique-francaise"},"share_on_mastodon":{"url":"https:\/\/pubeurope.com\/@fr\/114717941068974212","error":""},"_links":{"self":[{"href":"https:\/\/www.europesays.com\/fr\/wp-json\/wp\/v2\/posts\/191956","targetHints":{"allow":["GET"]}}],"collection":[{"href":"https:\/\/www.europesays.com\/fr\/wp-json\/wp\/v2\/posts"}],"about":[{"href":"https:\/\/www.europesays.com\/fr\/wp-json\/wp\/v2\/types\/post"}],"author":[{"embeddable":true,"href":"https:\/\/www.europesays.com\/fr\/wp-json\/wp\/v2\/users\/2"}],"replies":[{"embeddable":true,"href":"https:\/\/www.europesays.com\/fr\/wp-json\/wp\/v2\/comments?post=191956"}],"version-history":[{"count":0,"href":"https:\/\/www.europesays.com\/fr\/wp-json\/wp\/v2\/posts\/191956\/revisions"}],"wp:featuredmedia":[{"embeddable":true,"href":"https:\/\/www.europesays.com\/fr\/wp-json\/wp\/v2\/media\/191957"}],"wp:attachment":[{"href":"https:\/\/www.europesays.com\/fr\/wp-json\/wp\/v2\/media?parent=191956"}],"wp:term":[{"taxonomy":"category","embeddable":true,"href":"https:\/\/www.europesays.com\/fr\/wp-json\/wp\/v2\/categories?post=191956"},{"taxonomy":"post_tag","embeddable":true,"href":"https:\/\/www.europesays.com\/fr\/wp-json\/wp\/v2\/tags?post=191956"}],"curies":[{"name":"wp","href":"https:\/\/api.w.org\/{rel}","templated":true}]}}