{"id":191972,"date":"2025-06-20T22:08:18","date_gmt":"2025-06-20T22:08:18","guid":{"rendered":"https:\/\/www.europesays.com\/fr\/191972\/"},"modified":"2025-06-20T22:08:18","modified_gmt":"2025-06-20T22:08:18","slug":"le-president-de-la-federation-nationale-de-basket-rend-visite-au-club-local-a-aiffres","status":"publish","type":"post","link":"https:\/\/www.europesays.com\/fr\/191972\/","title":{"rendered":"Le pr\u00e9sident de la F\u00e9d\u00e9ration nationale de basket rend visite au club local, \u00e0 Aiffres"},"content":{"rendered":"<p>Samedi 15\u00a0f\u00e9vrier 2025,<a title=\"https:\/\/www.basket-aiffres.fr\/?fbclid=IwY2xjawIiq9BleHRuA2FlbQIxMAABHUhcv_7uH83zmIeYL8dxlqmU1zH90NkjPC1N2k7_oTksRx5tltqsujj8Ig_aem_RnVBNoaxCgbk_SQwrXWDiw\" target=\"_blank\" href=\"https:\/\/www.basket-aiffres.fr\/?fbclid=IwY2xjawIiq9BleHRuA2FlbQIxMAABHUhcv_7uH83zmIeYL8dxlqmU1zH90NkjPC1N2k7_oTksRx5tltqsujj8Ig_aem_RnVBNoaxCgbk_SQwrXWDiw\" rel=\"noopener\"> le Basket-club aiffricain (BCA)<\/a> a accueilli un invit\u00e9 de marque, Jean-Pierre Hunckler, pr\u00e9sident de la F\u00e9d\u00e9ration nationale de basket-ball. Nouvellement \u00e9lu, ce d&#8230; <\/p>\n<p>    Cet article a \u00e9t\u00e9 tronqu\u00e9. Abonnez-vous pour lire l&rsquo;article complet sur notre site.<\/p>\n<p style=\"margin: 0 !important; padding: 0 !important; font-size: 12px !important;\">Cet article a \u00e9t\u00e9 tronqu\u00e9. Abonnez-vous pour lire l&rsquo;article complet.<\/p>\n<p>    <a href=\"https:\/\/www.lanouvellerepublique.fr\/abonnements\" style=\"display: inline-block; margin-top: 5px !important; padding: 6px 12px !important; background: #cb1c27; color: white; text-decoration: none; border-radius: 4px; font-size: 12px !important;\" target=\"_blank\" rel=\"noopener\"><br \/>\n      S&rsquo;abonner<br \/>\n    <\/a><\/p>\n","protected":false},"excerpt":{"rendered":"Samedi 15\u00a0f\u00e9vrier 2025, le Basket-club aiffricain (BCA) a accueilli un invit\u00e9 de marque, Jean-Pierre Hunckler, pr\u00e9sident de la&hellip;\n","protected":false},"author":2,"featured_media":191973,"comment_status":"","ping_status":"","sticky":false,"template":"","format":"standard","meta":{"footnotes":""},"categories":[1414],"tags":[33057,1465,1464,1674,1011,27,60],"class_list":{"0":"post-191972","1":"post","2":"type-post","3":"status-publish","4":"format-standard","5":"has-post-thumbnail","7":"category-basket","8":"tag-aiffres","9":"tag-basket","10":"tag-basketball","11":"tag-communes","12":"tag-fr","13":"tag-france","14":"tag-sports"},"share_on_mastodon":{"url":"https:\/\/pubeurope.com\/@fr\/114717976406392309","error":""},"_links":{"self":[{"href":"https:\/\/www.europesays.com\/fr\/wp-json\/wp\/v2\/posts\/191972","targetHints":{"allow":["GET"]}}],"collection":[{"href":"https:\/\/www.europesays.com\/fr\/wp-json\/wp\/v2\/posts"}],"about":[{"href":"https:\/\/www.europesays.com\/fr\/wp-json\/wp\/v2\/types\/post"}],"author":[{"embeddable":true,"href":"https:\/\/www.europesays.com\/fr\/wp-json\/wp\/v2\/users\/2"}],"replies":[{"embeddable":true,"href":"https:\/\/www.europesays.com\/fr\/wp-json\/wp\/v2\/comments?post=191972"}],"version-history":[{"count":0,"href":"https:\/\/www.europesays.com\/fr\/wp-json\/wp\/v2\/posts\/191972\/revisions"}],"wp:featuredmedia":[{"embeddable":true,"href":"https:\/\/www.europesays.com\/fr\/wp-json\/wp\/v2\/media\/191973"}],"wp:attachment":[{"href":"https:\/\/www.europesays.com\/fr\/wp-json\/wp\/v2\/media?parent=191972"}],"wp:term":[{"taxonomy":"category","embeddable":true,"href":"https:\/\/www.europesays.com\/fr\/wp-json\/wp\/v2\/categories?post=191972"},{"taxonomy":"post_tag","embeddable":true,"href":"https:\/\/www.europesays.com\/fr\/wp-json\/wp\/v2\/tags?post=191972"}],"curies":[{"name":"wp","href":"https:\/\/api.w.org\/{rel}","templated":true}]}}