{"id":191984,"date":"2025-06-20T22:14:10","date_gmt":"2025-06-20T22:14:10","guid":{"rendered":"https:\/\/www.europesays.com\/fr\/191984\/"},"modified":"2025-06-20T22:14:10","modified_gmt":"2025-06-20T22:14:10","slug":"les-13-edifices-politiques-les-plus-spectaculaires-au-monde","status":"publish","type":"post","link":"https:\/\/www.europesays.com\/fr\/191984\/","title":{"rendered":"Les 13 \u00e9difices politiques les plus spectaculaires au monde"},"content":{"rendered":"<p>Si la puissance d&rsquo;un \u00c9tat devait se mesurer \u00e0 l&rsquo;architecture de ses \u00e9difices politiques, le classement serait difficile \u00e0 \u00e9tablir. Comme vous pourrez le constater, ces constructions offrent parfois des proportions d\u00e9mesur\u00e9es et un style <a href=\"https:\/\/www.admagazine.fr\/article\/capitol-joyau-architectural-100-ans\" target=\"_blank\" rel=\"noopener\">extravagant<\/a>. Pour beaucoup construites au XIXe si\u00e8cle, lorsque leurs pays commenc\u00e8rent \u00e0 organiser leurs syst\u00e8mes politiques, elles arborent des architectures tr\u00e8s \u00e9clectiques d&rsquo;une r\u00e9gion \u00e0 l&rsquo;autre, souvent le reflet de la culture locale \u2014 ou au contraire, comme \u00e0 Moscou ou \u00e0 Budapest, la volont\u00e9 d&rsquo;imiter un courant \u00e9tranger en vogue \u00e0 l&rsquo;\u00e9poque. Voici les 13 \u00e9difices politiques que vous devez visiter si voyagez dans l&rsquo;une de ces grandes villes.<\/p>\n","protected":false},"excerpt":{"rendered":"Si la puissance d&rsquo;un \u00c9tat devait se mesurer \u00e0 l&rsquo;architecture de ses \u00e9difices politiques, le classement serait difficile&hellip;\n","protected":false},"author":2,"featured_media":191985,"comment_status":"","ping_status":"","sticky":false,"template":"","format":"standard","meta":{"footnotes":""},"categories":[1358],"tags":[19035,1348,1384,1385,1386,58,59,1011,27,10057],"class_list":{"0":"post-191984","1":"post","2":"type-post","3":"status-publish","4":"format-standard","5":"has-post-thumbnail","7":"category-arts-et-design","8":"tag-architecture-spectaculaire","9":"tag-arts","10":"tag-arts-and-design","11":"tag-arts-et-design","12":"tag-design","13":"tag-divertissement","14":"tag-entertainment","15":"tag-fr","16":"tag-france","17":"tag-lieux-spectaculaires"},"share_on_mastodon":{"url":"https:\/\/pubeurope.com\/@fr\/114718000290068388","error":""},"_links":{"self":[{"href":"https:\/\/www.europesays.com\/fr\/wp-json\/wp\/v2\/posts\/191984","targetHints":{"allow":["GET"]}}],"collection":[{"href":"https:\/\/www.europesays.com\/fr\/wp-json\/wp\/v2\/posts"}],"about":[{"href":"https:\/\/www.europesays.com\/fr\/wp-json\/wp\/v2\/types\/post"}],"author":[{"embeddable":true,"href":"https:\/\/www.europesays.com\/fr\/wp-json\/wp\/v2\/users\/2"}],"replies":[{"embeddable":true,"href":"https:\/\/www.europesays.com\/fr\/wp-json\/wp\/v2\/comments?post=191984"}],"version-history":[{"count":0,"href":"https:\/\/www.europesays.com\/fr\/wp-json\/wp\/v2\/posts\/191984\/revisions"}],"wp:featuredmedia":[{"embeddable":true,"href":"https:\/\/www.europesays.com\/fr\/wp-json\/wp\/v2\/media\/191985"}],"wp:attachment":[{"href":"https:\/\/www.europesays.com\/fr\/wp-json\/wp\/v2\/media?parent=191984"}],"wp:term":[{"taxonomy":"category","embeddable":true,"href":"https:\/\/www.europesays.com\/fr\/wp-json\/wp\/v2\/categories?post=191984"},{"taxonomy":"post_tag","embeddable":true,"href":"https:\/\/www.europesays.com\/fr\/wp-json\/wp\/v2\/tags?post=191984"}],"curies":[{"name":"wp","href":"https:\/\/api.w.org\/{rel}","templated":true}]}}