{"id":191986,"date":"2025-06-20T22:15:12","date_gmt":"2025-06-20T22:15:12","guid":{"rendered":"https:\/\/www.europesays.com\/fr\/191986\/"},"modified":"2025-06-20T22:15:12","modified_gmt":"2025-06-20T22:15:12","slug":"portrait-dune-guinee-ecartelee-liberation","status":"publish","type":"post","link":"https:\/\/www.europesays.com\/fr\/191986\/","title":{"rendered":"portrait d\u2019une Guin\u00e9e \u00e9cartel\u00e9e \u2013 Lib\u00e9ration"},"content":{"rendered":"<p class=\"sc-ksZaOG ehjQrN text-element\">Avec Transhumances, l\u2019entrepreneure et \u00e9crivaine Bilguissa Diallo livre un roman dense dans lequel l\u2019intime, le politique, l\u2019exil et l\u2019histoire entrent en collision. Le pitch : cinq Guin\u00e9ens pleins d\u2019espoirs promis \u00e0 un bel avenir se rendent \u00e0 une manifestation contre l\u2019autocrate <a href=\"https:\/\/www.liberation.fr\/international\/afrique\/le-dictateur-dadis-camara-gracie-a-conakry-la-joie-pour-ses-partisans-le-choc-pour-ses-victimes-20250331_XMAM3VF4LZBP5HJ4OPRZP2GRCI\/\" target=\"_blank\" rel=\"noopener\" title=\"https:\/\/www.liberation.fr\/international\/afrique\/le-dictateur-dadis-camara-gracie-a-conakry-la-joie-pour-ses-partisans-le-choc-pour-ses-victimes-20250331_XMAM3VF4LZBP5HJ4OPRZP2GRCI\/\">Moussa Dadis Camara<\/a> qui s\u2019est maintenu avec f\u00e9rocit\u00e9 \u00e0 la t\u00eate du pays apr\u00e8s son coup d\u2019Etat de 2008. Las de ces abus de pouvoir, la jeunesse r\u00e9volt\u00e9e et id\u00e9aliste soutenue par les partis d\u2019opposition se retrouve dans la rue pour manifester en faveur de la d\u00e9mocratie. Le 28 septembre 2009, la foule se dirige vers le stade \u00e0 Conakry. Cette r\u00e9volte va \u00eatre r\u00e9prim\u00e9e par des militaires sanguinaires qui vont se concurrencer dans les pires des atrocit\u00e9s. Employ\u00e9 d\u2019une ONG qui lutte pour les droits humains, Adama Sow incarne \u2013 dans la puret\u00e9 de son combat \u2013 l\u2019\u00e2me de la protestation, per\u00e7ue comme un mal n\u00e9cessaire pour que le pays puisse enfin aller de l\u2019avant. En un battement de cils le train de ses illusions d\u00e9raille. Sous le chant des rafales, leur ami Sadou s\u2019effondre mort dans une flaque de sang.<\/p>\n","protected":false},"excerpt":{"rendered":"Avec Transhumances, l\u2019entrepreneure et \u00e9crivaine Bilguissa Diallo livre un roman dense dans lequel l\u2019intime, le politique, l\u2019exil et&hellip;\n","protected":false},"author":2,"featured_media":191987,"comment_status":"","ping_status":"","sticky":false,"template":"","format":"standard","meta":{"footnotes":""},"categories":[1357],"tags":[1379,10488,58,59,1011,27,15627,1380],"class_list":{"0":"post-191986","1":"post","2":"type-post","3":"status-publish","4":"format-standard","5":"has-post-thumbnail","7":"category-livres","8":"tag-books","9":"tag-cahier-livres","10":"tag-divertissement","11":"tag-entertainment","12":"tag-fr","13":"tag-france","14":"tag-guinee","15":"tag-livres"},"share_on_mastodon":{"url":"https:\/\/pubeurope.com\/@fr\/114718003965319594","error":""},"_links":{"self":[{"href":"https:\/\/www.europesays.com\/fr\/wp-json\/wp\/v2\/posts\/191986","targetHints":{"allow":["GET"]}}],"collection":[{"href":"https:\/\/www.europesays.com\/fr\/wp-json\/wp\/v2\/posts"}],"about":[{"href":"https:\/\/www.europesays.com\/fr\/wp-json\/wp\/v2\/types\/post"}],"author":[{"embeddable":true,"href":"https:\/\/www.europesays.com\/fr\/wp-json\/wp\/v2\/users\/2"}],"replies":[{"embeddable":true,"href":"https:\/\/www.europesays.com\/fr\/wp-json\/wp\/v2\/comments?post=191986"}],"version-history":[{"count":0,"href":"https:\/\/www.europesays.com\/fr\/wp-json\/wp\/v2\/posts\/191986\/revisions"}],"wp:featuredmedia":[{"embeddable":true,"href":"https:\/\/www.europesays.com\/fr\/wp-json\/wp\/v2\/media\/191987"}],"wp:attachment":[{"href":"https:\/\/www.europesays.com\/fr\/wp-json\/wp\/v2\/media?parent=191986"}],"wp:term":[{"taxonomy":"category","embeddable":true,"href":"https:\/\/www.europesays.com\/fr\/wp-json\/wp\/v2\/categories?post=191986"},{"taxonomy":"post_tag","embeddable":true,"href":"https:\/\/www.europesays.com\/fr\/wp-json\/wp\/v2\/tags?post=191986"}],"curies":[{"name":"wp","href":"https:\/\/api.w.org\/{rel}","templated":true}]}}