{"id":191992,"date":"2025-06-20T22:18:15","date_gmt":"2025-06-20T22:18:15","guid":{"rendered":"https:\/\/www.europesays.com\/fr\/191992\/"},"modified":"2025-06-20T22:18:15","modified_gmt":"2025-06-20T22:18:15","slug":"disney-devoile-les-premieres-images-de-lattraction-reine-des-neiges-a-paris","status":"publish","type":"post","link":"https:\/\/www.europesays.com\/fr\/191992\/","title":{"rendered":"Disney d\u00e9voile les premi\u00e8res images de l&rsquo;attraction Reine des Neiges \u00e0 Paris"},"content":{"rendered":"<p>Tandis que la chaleur ne cesse de grimper en France, la magie de La Reine des Neiges continue de prendre forme \u00e0 Disneyland Paris. L\u2019an prochain, le parc Walt Disney Studios \u2013 qui vient d\u2019inaugurer sa toute nouvelle s\u00e9quence d\u2019entr\u00e9e aux airs d\u2019avant-premi\u00e8re hollywoodienne \u2013 marquera d\u00e9finitivement sa transition en tant que <a href=\"https:\/\/www.journaldugeek.com\/2024\/04\/12\/disney-adventure-world-decouvrez-le-futur-de-disneyland-paris\/\" target=\"_blank\" rel=\"noopener\">Disney Adventure World<\/a> avec l\u2019ouverture du land World of Frozen. Sur place, les visiteurs pourront partir \u00e0 la rencontre d\u2019Anna et Elsa, d\u00e9guster quelques sp\u00e9cialit\u00e9s nordiques mais aussi et surtout prendre part \u00e0 une toute nouvelle attraction r\u00e9sumant les \u00e9v\u00e8nements du premier film.<\/p>\n<p>Cette future exp\u00e9rience, bien qu\u2019in\u00e9dite pour une majorit\u00e9 d\u2019europ\u00e9ens, reste n\u00e9anmoins une reproduction de l\u2019attraction Frozen Ever After, inaugur\u00e9e pour la premi\u00e8re fois au parc EPCOT de Floride en 2016. D\u00e9j\u00e0 export\u00e9 \u00e0 Hong Kong en 2023, le man\u00e8ge ouvrira ses portes en France en 2026 avec les m\u00eames am\u00e9liorations appliqu\u00e9es \u00e0 la version chinoise, comme des animatroniques modernes troublants de r\u00e9alisme. Et si les travaux avan\u00e7aient jusqu\u2019alors dans la plus grande discr\u00e9tion, les Imagineers de Disney viennent de nous offrir <strong>un premier aper\u00e7u de la version fran\u00e7aise de Frozen Ever After \u00e0 l\u2019occasion de sa mise en eau.<\/strong><\/p>\n<p> \u201cL\u2019eau a une m\u00e9moire\u201c <\/p>\n<p>Dans La Reine des Neiges 2, <a href=\"https:\/\/www.youtube.com\/watch?v=jBrNZdxiG-I\" target=\"_blank\" rel=\"noopener\">Olaf apprend \u00e0 Elsa que l\u2019eau est dou\u00e9e de m\u00e9moire.<\/a> Cette sc\u00e8ne aussi touchante qu\u2019importante a motiv\u00e9 les \u00e9quipes de Disney \u00e0 organiser une c\u00e9r\u00e9monie de mise en eau un peu sp\u00e9ciale pour l\u2019attraction La Reine des Neiges. La Walt Disney Company a pris soin de faire venir <strong>des \u00e9chantillons d\u2019eau des diff\u00e9rentes attractions Frozen \u00e0 travers le monde<\/strong> (EPCOT en Floride, Hong Kong Disneyland, et Tokyo Disney Sea) <strong>ainsi que de l\u2019eau de Norv\u00e8ge afin de les verser dans la rivi\u00e8re du man\u00e8ge fran\u00e7ais.<\/strong><\/p>\n<blockquote class=\"instagram-media\" style=\"background: #FFF; border: 0; border-radius: 3px; box-shadow: 0 0 1px 0 rgba(0,0,0,0.5),0 1px 10px 0 rgba(0,0,0,0.15); margin: 1px; max-width: 540px; min-width: 326px; padding: 0; width: calc(100% - 2px);\" data-instgrm-captioned=\"\" data-instgrm-permalink=\"https:\/\/www.instagram.com\/reel\/DLD1KS8t4n3\/?utm_source=ig_embed&amp;utm_campaign=loading\" data-instgrm-version=\"14\"><\/blockquote>\n<p>Les Imagineers nous apprennent au passage que cette tradition a \u00e9t\u00e9 lanc\u00e9e par Walt Disney en personne, lors de l\u2019inauguration de It\u2019s a Small World en 1966 en Californie. Plusieurs repr\u00e9sentants mondiaux avaient alors apport\u00e9 de l\u2019eau des rivi\u00e8res et lacs de leurs pays pour mieux symboliser la th\u00e9matique culturelle de l\u2019attraction.<\/p>\n<p>Cette courte vid\u00e9o permet \u00e9galement d\u2019obtenir un premier aper\u00e7u des animatroniques et des effets en marche dans l\u2019attraction Frozen Ever After \u00e0 Disney Adventure World. Toutefois, m\u00eame si la th\u00e9matisation semble tr\u00e8s avanc\u00e9e, les \u00e9quipes de Disney appuient de nouveau sur la date d\u2019inauguration fix\u00e9e \u00e0 2026, de quoi mettre fin aux sp\u00e9culations concernant une ouverture anticip\u00e9e. Ensuite, <a href=\"https:\/\/www.journaldugeek.com\/2025\/04\/16\/disneyland-paris-nouvelles-attractions-renovations-voici-toutes-les-surprises-a-venir\/\" target=\"_blank\" rel=\"noopener\">ce sera au tour du Roi Lion de s\u2019inviter dans le parc francilien<\/a> avec une attraction unique au monde, dont l\u2019ann\u00e9e d\u2019inauguration n\u2019a pas encore \u00e9t\u00e9 fix\u00e9e.<\/p>\n<blockquote>\n<p class=\"text-base text-neutral-700 dark:text-neutral-300\">\ud83d\udfe3 Pour ne manquer aucune news sur le Journal du Geek, abonnez-vous sur <a href=\"https:\/\/news.google.com\/publications\/CAAqBwgKMNr_hAswwYyCAw?hl=fr&amp;gl=FR&amp;ceid=FR%3Afr\" target=\"_blank\" rel=\"noopener\">Google Actualit\u00e9s<\/a> et sur <a href=\"https:\/\/whatsapp.com\/channel\/0029VaClM5y4tRry12tb7D2h\" target=\"_blank\" rel=\"noopener\">notre WhatsApp<\/a>. Et si vous nous adorez, on a <a href=\"https:\/\/www.journaldugeek.com\/newsletter\/\" target=\"_blank\" rel=\"noopener\">une newsletter tous les matins<\/a>.<\/p>\n<\/blockquote>\n<p>        <script async src=\"\/\/www.instagram.com\/embed.js\"><\/script><\/p>\n","protected":false},"excerpt":{"rendered":"Tandis que la chaleur ne cesse de grimper en France, la magie de La Reine des Neiges continue&hellip;\n","protected":false},"author":2,"featured_media":191993,"comment_status":"","ping_status":"","sticky":false,"template":"","format":"standard","meta":{"footnotes":""},"categories":[1354],"tags":[20212,4906,58,59,1346,1011,27,7792,1360,7193],"class_list":{"0":"post-191992","1":"post","2":"type-post","3":"status-publish","4":"format-standard","5":"has-post-thumbnail","7":"category-films","8":"tag-attraction","9":"tag-disneyland-paris","10":"tag-divertissement","11":"tag-entertainment","12":"tag-films","13":"tag-fr","14":"tag-france","15":"tag-la-reine-des-neiges","16":"tag-movies","17":"tag-nouveaute"},"share_on_mastodon":{"url":"https:\/\/pubeurope.com\/@fr\/114718015885720612","error":""},"_links":{"self":[{"href":"https:\/\/www.europesays.com\/fr\/wp-json\/wp\/v2\/posts\/191992","targetHints":{"allow":["GET"]}}],"collection":[{"href":"https:\/\/www.europesays.com\/fr\/wp-json\/wp\/v2\/posts"}],"about":[{"href":"https:\/\/www.europesays.com\/fr\/wp-json\/wp\/v2\/types\/post"}],"author":[{"embeddable":true,"href":"https:\/\/www.europesays.com\/fr\/wp-json\/wp\/v2\/users\/2"}],"replies":[{"embeddable":true,"href":"https:\/\/www.europesays.com\/fr\/wp-json\/wp\/v2\/comments?post=191992"}],"version-history":[{"count":0,"href":"https:\/\/www.europesays.com\/fr\/wp-json\/wp\/v2\/posts\/191992\/revisions"}],"wp:featuredmedia":[{"embeddable":true,"href":"https:\/\/www.europesays.com\/fr\/wp-json\/wp\/v2\/media\/191993"}],"wp:attachment":[{"href":"https:\/\/www.europesays.com\/fr\/wp-json\/wp\/v2\/media?parent=191992"}],"wp:term":[{"taxonomy":"category","embeddable":true,"href":"https:\/\/www.europesays.com\/fr\/wp-json\/wp\/v2\/categories?post=191992"},{"taxonomy":"post_tag","embeddable":true,"href":"https:\/\/www.europesays.com\/fr\/wp-json\/wp\/v2\/tags?post=191992"}],"curies":[{"name":"wp","href":"https:\/\/api.w.org\/{rel}","templated":true}]}}