{"id":191994,"date":"2025-06-20T22:19:11","date_gmt":"2025-06-20T22:19:11","guid":{"rendered":"https:\/\/www.europesays.com\/fr\/191994\/"},"modified":"2025-06-20T22:19:11","modified_gmt":"2025-06-20T22:19:11","slug":"le-rechauffement-climatique-augmente-fortement-les-risques-de-faire-de-lapnee-du-sommeil-selon-une-etude","status":"publish","type":"post","link":"https:\/\/www.europesays.com\/fr\/191994\/","title":{"rendered":"Le r\u00e9chauffement climatique augmente fortement les risques de faire de l\u2019apn\u00e9e du sommeil, selon une \u00e9tude"},"content":{"rendered":"<p><strong>syndrome &#8211; D\u2019ici \u00e0 2100, le nombre de personnes faisant de l\u2019apn\u00e9e du sommeil pourrait atteindre les deux milliards \u00e0 cause du r\u00e9chauffement climatique<\/strong><\/p>\n<p>L\u2019actuelle <a href=\"https:\/\/www.20minutes.fr\/planete\/canicule\/4159452-20250619-canicule-16-departements-alerte-orange-surtout-ouest-partir-vendredi?at_medium=RSS%20feed&amp;at_campaign=ynews&amp;utm_source=yahoo&amp;utm_medium=rss&amp;utm_campaign=news_feed&amp;utm_content=in_article_link\" rel=\"nofollow noopener\" target=\"_blank\" data-ylk=\"slk:vague de chaleur en France;elm:context_link;itc:0;sec:content-canvas\" class=\"link \">vague de chaleur en France<\/a> cause d\u00e9j\u00e0 des insomnies chez certains. Mais l\u2019impact du <a href=\"https:\/\/www.20minutes.fr\/dossier\/rechauffement-climatique?at_medium=RSS%20feed&amp;at_campaign=ynews&amp;utm_source=yahoo&amp;utm_medium=rss&amp;utm_campaign=news_feed&amp;utm_content=in_article_link\" rel=\"nofollow noopener\" target=\"_blank\" data-ylk=\"slk:r\u00e9chauffement climatique;elm:context_link;itc:0;sec:content-canvas\" class=\"link \">r\u00e9chauffement climatique<\/a> sur le <a href=\"https:\/\/www.20minutes.fr\/dossier\/sommeil?at_medium=RSS%20feed&amp;at_campaign=ynews&amp;utm_source=yahoo&amp;utm_medium=rss&amp;utm_campaign=news_feed&amp;utm_content=in_article_link\" rel=\"nofollow noopener\" target=\"_blank\" data-ylk=\"slk:sommeil;elm:context_link;itc:0;sec:content-canvas\" class=\"link \">sommeil<\/a> ne se limite pas \u00e0 \u00e7a, comme le montre une \u00e9tude australienne portant sur 29 pays publi\u00e9e ce lundi dans la revue <a href=\"https:\/\/www.nature.com\/articles\/s41467-025-60218-1?at_medium=RSS%20feed&amp;at_campaign=ynews&amp;utm_source=yahoo&amp;utm_medium=rss&amp;utm_campaign=news_feed&amp;utm_content=in_article_link\" rel=\"nofollow noopener\" target=\"_blank\" data-ylk=\"slk:Nature;elm:context_link;itc:0;sec:content-canvas\" class=\"link \">Nature<\/a>, et relay\u00e9e par <a href=\"https:\/\/www.slate.fr\/sante\/cas-apnee-sommeil-doubler-decennies-rechauffement-climatique-cout-avc-depression-aos?at_medium=RSS%20feed&amp;at_campaign=ynews&amp;utm_source=yahoo&amp;utm_medium=rss&amp;utm_campaign=news_feed&amp;utm_content=in_article_link\" rel=\"nofollow noopener\" target=\"_blank\" data-ylk=\"slk:Slate;elm:context_link;itc:0;sec:content-canvas\" class=\"link \">Slate<\/a>. D\u2019apr\u00e8s ses r\u00e9sultats, le changement climatique devrait faire doubler d\u2019ici \u00e0 2100 le nombre de cas d\u2019apn\u00e9e du sommeil. D\u2019un milliard de personnes concern\u00e9es aujourd\u2019hui, on passerait donc \u00e0 deux milliards.<\/p>\n<p>Un risque plus \u00e9lev\u00e9<\/p>\n<p>En effet, selon ces <a href=\"https:\/\/www.20minutes.fr\/dossier\/chercheurs?at_medium=RSS%20feed&amp;at_campaign=ynews&amp;utm_source=yahoo&amp;utm_medium=rss&amp;utm_campaign=news_feed&amp;utm_content=in_article_link\" rel=\"nofollow noopener\" target=\"_blank\" data-ylk=\"slk:chercheurs;elm:context_link;itc:0;sec:content-canvas\" class=\"link \">chercheurs<\/a> de l\u2019universit\u00e9 Flinders en Australie, les nuits plus chaudes augmenteraient de 45 % la probabilit\u00e9 de faire de l\u2019apn\u00e9e du sommeil dans la nuit. Pour obtenir ce chiffre, l\u2019\u00e9quipe a analys\u00e9 les donn\u00e9es de sommeil de 116.620 personnes gr\u00e2ce \u00e0 un capteur int\u00e9gr\u00e9 dans leur matelas. Au total, environ 500 nuits de donn\u00e9es par personne ont \u00e9t\u00e9 collect\u00e9es. Les donn\u00e9es ont ensuite \u00e9t\u00e9 compar\u00e9es avec les informations de temp\u00e9rature issues de mod\u00e8les climatiques.<\/p>\n<p>\u00ab Nous avons \u00e9t\u00e9 surpris par l\u2019ampleur de l\u2019association entre temp\u00e9rature ambiante et gravit\u00e9 de l\u2019apn\u00e9e du sommeil \u00bb, a comment\u00e9 \u00e0 ce sujet Bastien Lechat, chercheur associ\u00e9 \u00e0 l\u2019Adelaide Institute for Sleep Health et auteur r\u00e9f\u00e9rent de l\u2019\u00e9tude. Un probl\u00e8me d\u2019autant plus pr\u00e9occupant que l\u2019apn\u00e9e du sommeil est un trouble qui peut avoir de lourdes cons\u00e9quences. En plus de provoquer de la fatigue, il augmente le risque d\u2019hypertension, d\u2019AVC, de crise cardiaque, de d\u00e9pression, de maladie de Parkinson et m(&#8230;)<\/p>\n<p><a href=\"https:\/\/www.20minutes.fr\/sante\/4159627-20250620-rechauffement-climatique-augmente-fortement-risques-faire-apnee-sommeil-selon-etude?at_medium=RSS%20feed&amp;at_campaign=ynews&amp;utm_source=yahoo&amp;utm_medium=rss&amp;utm_campaign=news_feed&amp;utm_content=read_more_link\" rel=\"nofollow noopener\" target=\"_blank\" data-ylk=\"slk:Lire la suite sur 20minutes;elm:context_link;itc:0;sec:content-canvas\" class=\"link \">Lire la suite sur 20minutes<\/a><\/p>\n<p>\u00c0 lire aussi :<br \/><a href=\"https:\/\/www.20minutes.fr\/sante\/4143202-20250315-apnee-sommeil-comme-pacemaker-sous-langue-nouveau-dispositif-rembourse?at_medium=RSS%20feed&amp;at_campaign=ynews&amp;utm_source=yahoo&amp;utm_medium=rss&amp;utm_campaign=news_feed&amp;utm_content=related_content_link\" rel=\"nofollow noopener\" target=\"_blank\" data-ylk=\"slk:Apn\u00e9e du sommeil : \u00ab Comme un pacemaker sous la langue \u00bb\u2026 Quel est ce nouveau dispositif rembours\u00e9 ?;elm:context_link;itc:0;sec:content-canvas\" class=\"link \">Apn\u00e9e du sommeil : \u00ab Comme un pacemaker sous la langue \u00bb\u2026 Quel est ce nouveau dispositif rembours\u00e9 ?<\/a><br \/><a href=\"https:\/\/www.20minutes.fr\/sport\/rugby\/top_14\/4139742-20250221-si-meilleures-nuits-apnee-sommeil-mal-ronge-particulierement-joueurs-rugby?at_medium=RSS%20feed&amp;at_campaign=ynews&amp;utm_source=yahoo&amp;utm_medium=rss&amp;utm_campaign=news_feed&amp;utm_content=related_content_link\" rel=\"nofollow noopener\" target=\"_blank\" data-ylk=\"slk:\u00ab Si j\u2019avais eu de meilleures nuits \u00bb\u2026 L\u2019apn\u00e9e du sommeil, un mal qui ronge particuli\u00e8rement les joueurs de rugby;elm:context_link;itc:0;sec:content-canvas\" class=\"link \">\u00ab Si j\u2019avais eu de meilleures nuits \u00bb\u2026 L\u2019apn\u00e9e du sommeil, un mal qui ronge particuli\u00e8rement les joueurs de rugby<\/a><\/p>\n","protected":false},"excerpt":{"rendered":"syndrome &#8211; D\u2019ici \u00e0 2100, le nombre de personnes faisant de l\u2019apn\u00e9e du sommeil pourrait atteindre les deux&hellip;\n","protected":false},"author":2,"featured_media":191995,"comment_status":"","ping_status":"","sticky":false,"template":"","format":"standard","meta":{"footnotes":""},"categories":[10],"tags":[1011,27,72,27172,27963,5140,71],"class_list":{"0":"post-191994","1":"post","2":"type-post","3":"status-publish","4":"format-standard","5":"has-post-thumbnail","7":"category-sante","8":"tag-fr","9":"tag-france","10":"tag-health","11":"tag-maladie-de-parkinson","12":"tag-nombre-de-personnes","13":"tag-rechauffement-climatique","14":"tag-sante"},"share_on_mastodon":{"url":"https:\/\/pubeurope.com\/@fr\/114718019707058745","error":""},"_links":{"self":[{"href":"https:\/\/www.europesays.com\/fr\/wp-json\/wp\/v2\/posts\/191994","targetHints":{"allow":["GET"]}}],"collection":[{"href":"https:\/\/www.europesays.com\/fr\/wp-json\/wp\/v2\/posts"}],"about":[{"href":"https:\/\/www.europesays.com\/fr\/wp-json\/wp\/v2\/types\/post"}],"author":[{"embeddable":true,"href":"https:\/\/www.europesays.com\/fr\/wp-json\/wp\/v2\/users\/2"}],"replies":[{"embeddable":true,"href":"https:\/\/www.europesays.com\/fr\/wp-json\/wp\/v2\/comments?post=191994"}],"version-history":[{"count":0,"href":"https:\/\/www.europesays.com\/fr\/wp-json\/wp\/v2\/posts\/191994\/revisions"}],"wp:featuredmedia":[{"embeddable":true,"href":"https:\/\/www.europesays.com\/fr\/wp-json\/wp\/v2\/media\/191995"}],"wp:attachment":[{"href":"https:\/\/www.europesays.com\/fr\/wp-json\/wp\/v2\/media?parent=191994"}],"wp:term":[{"taxonomy":"category","embeddable":true,"href":"https:\/\/www.europesays.com\/fr\/wp-json\/wp\/v2\/categories?post=191994"},{"taxonomy":"post_tag","embeddable":true,"href":"https:\/\/www.europesays.com\/fr\/wp-json\/wp\/v2\/tags?post=191994"}],"curies":[{"name":"wp","href":"https:\/\/api.w.org\/{rel}","templated":true}]}}