{"id":192006,"date":"2025-06-20T22:25:10","date_gmt":"2025-06-20T22:25:10","guid":{"rendered":"https:\/\/www.europesays.com\/fr\/192006\/"},"modified":"2025-06-20T22:25:10","modified_gmt":"2025-06-20T22:25:10","slug":"a-valence-les-signalements-de-rodeos-urbains-ont-diminue-de-95-en-4-ans","status":"publish","type":"post","link":"https:\/\/www.europesays.com\/fr\/192006\/","title":{"rendered":"\u00c0 Valence, les signalements de rod\u00e9os urbains ont diminu\u00e9 de 95% en 4 ans"},"content":{"rendered":"<p>L\u2019\u00e9quipe municipale de la ville dr\u00f4moise a re\u00e7u seulement 15 signalements l\u2019an pass\u00e9, contre pr\u00e8s de 550 en 2021. En quatre ans, les autorit\u00e9s ont saisi 275 v\u00e9hicules et en ont d\u00e9truit 150 autres.<\/p>\n<p class=\"fig-paragraph\">Une chute vertigineuse. Alors que les sc\u00e8nes de rod\u00e9os urbains se multiplient sur les r\u00e9seaux sociaux, et provoquent des drames avec des passants, la municipalit\u00e9 de Valence (<a href=\"http:\/\/www.lefigaro.fr\/actualite-france\/drome-arrete-pour-des-menaces-devant-un-lycee-un-homme-est-interne-en-psychiatrie-20250612\" target=\"_blank\" data-fig-type=\"NewsFlash\" rel=\"noopener\" data-gtm-custom-categorie=\"navigation\" data-gtm-custom-action=\"crossclick\" data-gtm-custom-label=\"Contextuel\" data-gtm-event=\"customEventSPE\" data-fig-domain=\"LEFIGARO\">Dr\u00f4me<\/a>) a d\u00e9cid\u00e9 de prendre au s\u00e9rieux la lutte contre ces incivilit\u00e9s. Si bien que depuis 2021, le nombre de signalements a connu une baisse de 95% en quatre ans.<\/p>\n<p class=\"fig-paragraph\">\u00abEn 2021, on a eu 550 signalements \u00e0 la police municipale pour ce type de comportement, explique Pierre-Olivier Mahaux, adjoint au maire de Valence d\u00e9l\u00e9gu\u00e9 \u00e0 la S\u00e9curit\u00e9 publique, \u00e0 nos confr\u00e8res de\u00a0<a href=\"https:\/\/www.cnews.fr\/faits-divers\/2025-06-20\/rodeos-urbains-valence-le-nombre-de-signalements-enregistre-une-baisse\" target=\"_blank\" rel=\"nofollow noopener\" data-gtm-custom-categorie=\"navigation\" data-gtm-custom-action=\"crossclick\" data-gtm-custom-label=\"Contextuel\" data-gtm-event=\"customEventSPE\">CNEWS<\/a>. L\u2019ann\u00e9e derni\u00e8re, on est tomb\u00e9s \u00e0 15, et en 2025, \u00e0 ce jour, on est \u00e0 7\u00bb. Dans ce laps de temps, les forces de l\u2019ordre ont saisi 275 v\u00e9hicules, tandis que 150 autres ont \u00e9t\u00e9 d\u00e9truits.<\/p>\n<p class=\"fig-paragraph\">Pour lutter contre ce d\u00e9lit, la municipalit\u00e9 a muscl\u00e9 son dispositif au cours des derni\u00e8res ann\u00e9es. Une brigade motocycliste a \u00e9t\u00e9 cr\u00e9\u00e9e, et 280 cam\u00e9ras de protection permettent aux autorit\u00e9s de mieux identifier les auteurs de ces d\u00e9lits. Enfin, la municipalit\u00e9 a \u00e9galement mis en place \u00abla facturation des frais de remise en \u00e9tat \u00e0 l\u2019encontre des pilotes ou de leurs parents s\u2019il s\u2019agissait de mineurs\u00bb, selon Pierre-Olivier Mahaux, au micro de nos confr\u00e8res, ainsi que \u00abla mise en fourri\u00e8re imm\u00e9diate des engins sur lesquels les auteurs se livraient \u00e0 ce genre de comportement d\u00e9viant\u00bb.<\/p>\n","protected":false},"excerpt":{"rendered":"L\u2019\u00e9quipe municipale de la ville dr\u00f4moise a re\u00e7u seulement 15 signalements l\u2019an pass\u00e9, contre pr\u00e8s de 550 en&hellip;\n","protected":false},"author":2,"featured_media":192007,"comment_status":"","ping_status":"","sticky":false,"template":"","format":"standard","meta":{"footnotes":""},"categories":[4],"tags":[47,1058,1054,1059,1060,1055,11,1057,118,1011,27,1061,303,12,1062,25,19057,656,104,1056,2733,809],"class_list":{"0":"post-192006","1":"post","2":"type-post","3":"status-publish","4":"format-standard","5":"has-post-thumbnail","7":"category-france","8":"tag-actualite","9":"tag-actualite-education","10":"tag-actualite-france","11":"tag-actualite-justice","12":"tag-actualite-securite","13":"tag-actualite-societe","14":"tag-actualites","15":"tag-education","16":"tag-faits-divers","17":"tag-fr","18":"tag-france","19":"tag-immigration","20":"tag-justice","21":"tag-news","22":"tag-polemique","23":"tag-republique-francaise","24":"tag-rodeo-urbain","25":"tag-securite","26":"tag-societe","27":"tag-societe-francaise","28":"tag-valence","29":"tag-violence"},"share_on_mastodon":{"url":"https:\/\/pubeurope.com\/@fr\/114718043601758919","error":""},"_links":{"self":[{"href":"https:\/\/www.europesays.com\/fr\/wp-json\/wp\/v2\/posts\/192006","targetHints":{"allow":["GET"]}}],"collection":[{"href":"https:\/\/www.europesays.com\/fr\/wp-json\/wp\/v2\/posts"}],"about":[{"href":"https:\/\/www.europesays.com\/fr\/wp-json\/wp\/v2\/types\/post"}],"author":[{"embeddable":true,"href":"https:\/\/www.europesays.com\/fr\/wp-json\/wp\/v2\/users\/2"}],"replies":[{"embeddable":true,"href":"https:\/\/www.europesays.com\/fr\/wp-json\/wp\/v2\/comments?post=192006"}],"version-history":[{"count":0,"href":"https:\/\/www.europesays.com\/fr\/wp-json\/wp\/v2\/posts\/192006\/revisions"}],"wp:featuredmedia":[{"embeddable":true,"href":"https:\/\/www.europesays.com\/fr\/wp-json\/wp\/v2\/media\/192007"}],"wp:attachment":[{"href":"https:\/\/www.europesays.com\/fr\/wp-json\/wp\/v2\/media?parent=192006"}],"wp:term":[{"taxonomy":"category","embeddable":true,"href":"https:\/\/www.europesays.com\/fr\/wp-json\/wp\/v2\/categories?post=192006"},{"taxonomy":"post_tag","embeddable":true,"href":"https:\/\/www.europesays.com\/fr\/wp-json\/wp\/v2\/tags?post=192006"}],"curies":[{"name":"wp","href":"https:\/\/api.w.org\/{rel}","templated":true}]}}