{"id":192019,"date":"2025-06-20T22:33:35","date_gmt":"2025-06-20T22:33:35","guid":{"rendered":"https:\/\/www.europesays.com\/fr\/192019\/"},"modified":"2025-06-20T22:33:35","modified_gmt":"2025-06-20T22:33:35","slug":"top-14-gabin-villiere-sur-le-banc-de-toulon-pablo-uberti-remplace-louis-bielle-biarrey-a-lubb","status":"publish","type":"post","link":"https:\/\/www.europesays.com\/fr\/192019\/","title":{"rendered":"Top 14. Gabin Villi\u00e8re sur le banc de Toulon, Pablo Uberti remplace Louis Bielle-Biarrey \u00e0 l\u2019UBB"},"content":{"rendered":"<p>L\u2019ailier toulonnais et des Bleus Gabin Villi\u00e8re, qui avait manqu\u00e9 le barrage contre Castres, est de retour sur le banc du RCT pour la demi-finale de Top 14\u00a0ce samedi 21\u00a0juin 2025 <a href=\"https:\/\/toulon.maville.com\/sport\/detail_-top-14.-face-a-toulon-en-demi-finale-l-ubb-espere-fait-un-nouveau-pas-vers-le-double-_53046-6863324_actu.Htm\" target=\"_self\" rel=\"noopener\">contre Bordeaux-B\u00e8gles<\/a>, dont la fl\u00e8che Louis Bielle-Biarrey, victime d\u2019une commotion, est remplac\u00e9e par Pablo Uberti.<\/p>\n<p>Maxime Lucu de retour<\/p>\n<p>Villi\u00e8re, absent lors de la victoire contre Castres (52-23) en raison d\u2019une commotion c\u00e9r\u00e9brale, est rempla\u00e7ant, le fidjien Setariki Tuicuvu conservant sa place sur l\u2019aile droite. Son compatriote Jiuta Wainiqolo, auteur d\u2019un essai en demi-finale, prend place sur l\u2019autre aile. Le Bordelo-B\u00e9glais Bielle-Biarrey, qui a d\u00fb d\u00e9clarer forfait apr\u00e8s un coup \u00e0 la t\u00eate subi contre Vannes lors de la derni\u00e8re journ\u00e9e du championnat, est lui remplac\u00e9 par Pablo Uberti, son comp\u00e8re Damian Penaud \u00e9tant lui bien pr\u00e9sent.<\/p>\n<p>Le demi de m\u00eal\u00e9e Maxime Lucu, qui n\u2019avait plus jou\u00e9 depuis le sacre de l\u2019UBB en Champions Cup fin mai, est de retour comme titulaire, associ\u00e9 \u00e0 l\u2019ouvreur Matthieu Jalibert. Le v\u00e9t\u00e9ran toulonnais Ma\u2019a Nonu, 43\u00a0ans et double champion du monde avec les All Blacks et auteur d\u2019un essai en barrage, n\u2019est pas dans le groupe du RCT.<\/p>\n<p><strong>Lire aussi\u00a0:<\/strong> <a href=\"https:\/\/rennes.maville.com\/sport\/detail_-top-14.-on-n-est-pas-le-petit-poucet-toulouse-bayonne-un-choc-pas-si-desequilibre-_54135-6863051_actu.Htm\" target=\"_self\" rel=\"noopener\">Top 14. \u00ab\u00a0On n\u2019est pas le Petit Poucet\u00a0\u00bb\u00a0: Toulouse &#8211; Bayonne, un choc pas si d\u00e9s\u00e9quilibr\u00e9\u00a0?<\/a><\/p>\n<p>Les \u00e9quipes pour Bordeaux-B\u00e8gles &#8211; Toulon, samedi \u00e0 21\u00a0h\u00a005 \u00e0 Lyon\u00a0:<\/p>\n<p><strong>Bordeaux-B\u00e8gles\u00a0:<\/strong> Buros &#8211; Penaud, Depoort\u00e8re, Moefana, Uberti &#8211; (o) Jalibert, (m) Lucu (cap.) &#8211; Bochaton, Samu, Gazzotti &#8211; Cazeaux, Petti &#8211; Tameifuna, Lamothe, Poirot<\/p>\n<p><strong>Rempla\u00e7ants\u00a0:<\/strong> Sa, Perchaud, Gray, Vergnes-Taillefer, Reti\u00e8re, Carbery, Janse van Rensburg, Taufa<\/p>\n<p><strong>Toulon\u00a0:<\/strong> Jaminet &#8211; Tuicuvu, Fainga\u2019anuku, Sinzelle, Wainiqolo &#8211; (o) Garbisi, (m) Serin &#8211; Abadie, Isa, Ludlam &#8211; Ribbans (cap.) Halagahu &#8211; Sinckler, Baubigny, Gros<\/p>\n<p><strong>Rempla\u00e7ants\u00a0:<\/strong> Damond, Priso, Alainu\u2019uese, Le Corvec, Domon, White, Villi\u00e8re, Gigashvili<\/p>\n<p><strong>Arbitre\u00a0:<\/strong> Ludovic Cayr<\/p>\n<p>\u00a0<\/p>\n","protected":false},"excerpt":{"rendered":"L\u2019ailier toulonnais et des Bleus Gabin Villi\u00e8re, qui avait manqu\u00e9 le barrage contre Castres, est de retour sur&hellip;\n","protected":false},"author":2,"featured_media":192020,"comment_status":"","ping_status":"","sticky":false,"template":"","format":"standard","meta":{"footnotes":""},"categories":[9619],"tags":[1111,11,3809,1465,1777,674,63,1011,27,1792,1922,12,882,25,479,3728,517,2310,1470],"class_list":{"0":"post-192019","1":"post","2":"type-post","3":"status-publish","4":"format-standard","5":"has-post-thumbnail","7":"category-toulon","8":"tag-actu","9":"tag-actualites","10":"tag-ball","11":"tag-basket","12":"tag-eu","13":"tag-europe","14":"tag-football","15":"tag-fr","16":"tag-france","17":"tag-handball","18":"tag-info","19":"tag-news","20":"tag-provence-alpes-cote-dazur","21":"tag-republique-francaise","22":"tag-rugby","23":"tag-saint-malo","24":"tag-sport","25":"tag-toulon","26":"tag-volley"},"share_on_mastodon":{"url":"https:\/\/pubeurope.com\/@fr\/114718074704656044","error":""},"_links":{"self":[{"href":"https:\/\/www.europesays.com\/fr\/wp-json\/wp\/v2\/posts\/192019","targetHints":{"allow":["GET"]}}],"collection":[{"href":"https:\/\/www.europesays.com\/fr\/wp-json\/wp\/v2\/posts"}],"about":[{"href":"https:\/\/www.europesays.com\/fr\/wp-json\/wp\/v2\/types\/post"}],"author":[{"embeddable":true,"href":"https:\/\/www.europesays.com\/fr\/wp-json\/wp\/v2\/users\/2"}],"replies":[{"embeddable":true,"href":"https:\/\/www.europesays.com\/fr\/wp-json\/wp\/v2\/comments?post=192019"}],"version-history":[{"count":0,"href":"https:\/\/www.europesays.com\/fr\/wp-json\/wp\/v2\/posts\/192019\/revisions"}],"wp:featuredmedia":[{"embeddable":true,"href":"https:\/\/www.europesays.com\/fr\/wp-json\/wp\/v2\/media\/192020"}],"wp:attachment":[{"href":"https:\/\/www.europesays.com\/fr\/wp-json\/wp\/v2\/media?parent=192019"}],"wp:term":[{"taxonomy":"category","embeddable":true,"href":"https:\/\/www.europesays.com\/fr\/wp-json\/wp\/v2\/categories?post=192019"},{"taxonomy":"post_tag","embeddable":true,"href":"https:\/\/www.europesays.com\/fr\/wp-json\/wp\/v2\/tags?post=192019"}],"curies":[{"name":"wp","href":"https:\/\/api.w.org\/{rel}","templated":true}]}}