{"id":192029,"date":"2025-06-20T22:42:09","date_gmt":"2025-06-20T22:42:09","guid":{"rendered":"https:\/\/www.europesays.com\/fr\/192029\/"},"modified":"2025-06-20T22:42:09","modified_gmt":"2025-06-20T22:42:09","slug":"un-champ-de-ble-prend-feu-au-sud-ouest-de-rennes-trois-hectares-brules-25-pompiers","status":"publish","type":"post","link":"https:\/\/www.europesays.com\/fr\/192029\/","title":{"rendered":"Un champ de bl\u00e9 prend feu au sud ouest de Rennes\u00a0: trois hectares br\u00fbl\u00e9s, 25\u00a0pompiers"},"content":{"rendered":"<p>Un incendie s\u2019est d\u00e9clar\u00e9 en fin d\u2019apr\u00e8s-midi, dans un champ de bl\u00e9 coup\u00e9, au lieu-dit le Th\u00e9lin, dans la commune de <a href=\"https:\/\/rennes.maville.com\/bretagne\/ille-et-vilaine\/plelan-le-grand\/\" target=\"_self\" rel=\"noopener\">Pl\u00e9lan-le-Grand<\/a>, au sud ouest de <a href=\"https:\/\/rennes.maville.com\/info\/info-locale\/\" target=\"_self\" rel=\"noopener\">Rennes<\/a> (Ille-et-Vilaine), vendredi 20\u00a0juin 2025. En seulement quelques heures, le feu s\u2019\u00e9tait propag\u00e9 \u00e0 la v\u00e9g\u00e9tation, br\u00fblant environ trois hectares.<\/p>\n<\/p>\n<p>25\u00a0pompiers mobilis\u00e9s<\/p>\n<p>Alert\u00e9s \u00e0 17\u00a0h\u00a010, 25\u00a0sapeurs-pompiers issus des d\u00e9partements d\u2019Ille-et-Vilaine, et du Morbihan, ont \u00e9t\u00e9 mobilis\u00e9s sur les lieux, assist\u00e9s de quatre camions-citernes feux de for\u00eats, et deux porteurs d\u2019eau. L\u2019incendie \u00e9tait maitris\u00e9 en d\u00e9but de soir\u00e9e.<\/p>\n<p>\u00a0<\/p>\n","protected":false},"excerpt":{"rendered":"Un incendie s\u2019est d\u00e9clar\u00e9 en fin d\u2019apr\u00e8s-midi, dans un champ de bl\u00e9 coup\u00e9, au lieu-dit le Th\u00e9lin, dans&hellip;\n","protected":false},"author":2,"featured_media":192030,"comment_status":"","ping_status":"","sticky":false,"template":"","format":"standard","meta":{"footnotes":""},"categories":[2821],"tags":[13204,1111,11,33061,829,31936,9902,1777,674,1312,1011,27,3573,17479,12,9144,1311,6020,3086,584,25,7053],"class_list":{"0":"post-192029","1":"post","2":"type-post","3":"status-publish","4":"format-standard","5":"has-post-thumbnail","7":"category-rennes","8":"tag-13204","9":"tag-actu","10":"tag-actualites","11":"tag-ble","12":"tag-bretagne","13":"tag-brules","14":"tag-champ","15":"tag-eu","16":"tag-europe","17":"tag-feu","18":"tag-fr","19":"tag-france","20":"tag-hectares","21":"tag-mobilises","22":"tag-news","23":"tag-ouest","24":"tag-pompiers","25":"tag-prend","26":"tag-redon","27":"tag-rennes","28":"tag-republique-francaise","29":"tag-sud"},"share_on_mastodon":{"url":"https:\/\/pubeurope.com\/@fr\/114718110066712488","error":""},"_links":{"self":[{"href":"https:\/\/www.europesays.com\/fr\/wp-json\/wp\/v2\/posts\/192029","targetHints":{"allow":["GET"]}}],"collection":[{"href":"https:\/\/www.europesays.com\/fr\/wp-json\/wp\/v2\/posts"}],"about":[{"href":"https:\/\/www.europesays.com\/fr\/wp-json\/wp\/v2\/types\/post"}],"author":[{"embeddable":true,"href":"https:\/\/www.europesays.com\/fr\/wp-json\/wp\/v2\/users\/2"}],"replies":[{"embeddable":true,"href":"https:\/\/www.europesays.com\/fr\/wp-json\/wp\/v2\/comments?post=192029"}],"version-history":[{"count":0,"href":"https:\/\/www.europesays.com\/fr\/wp-json\/wp\/v2\/posts\/192029\/revisions"}],"wp:featuredmedia":[{"embeddable":true,"href":"https:\/\/www.europesays.com\/fr\/wp-json\/wp\/v2\/media\/192030"}],"wp:attachment":[{"href":"https:\/\/www.europesays.com\/fr\/wp-json\/wp\/v2\/media?parent=192029"}],"wp:term":[{"taxonomy":"category","embeddable":true,"href":"https:\/\/www.europesays.com\/fr\/wp-json\/wp\/v2\/categories?post=192029"},{"taxonomy":"post_tag","embeddable":true,"href":"https:\/\/www.europesays.com\/fr\/wp-json\/wp\/v2\/tags?post=192029"}],"curies":[{"name":"wp","href":"https:\/\/api.w.org\/{rel}","templated":true}]}}