{"id":192051,"date":"2025-06-20T22:54:11","date_gmt":"2025-06-20T22:54:11","guid":{"rendered":"https:\/\/www.europesays.com\/fr\/192051\/"},"modified":"2025-06-20T22:54:11","modified_gmt":"2025-06-20T22:54:11","slug":"vainqueur-de-bayonne-toulouse-sera-a-nouveau-du-rendez-vous-de-la-finale","status":"publish","type":"post","link":"https:\/\/www.europesays.com\/fr\/192051\/","title":{"rendered":"vainqueur de Bayonne, Toulouse sera \u00e0 nouveau du rendez-vous de la finale"},"content":{"rendered":"<p>Toulouse\u00a0: 32<br \/>Bayonne\u00a0: 25<\/p>\n<p>Toulouse tentera de d\u00e9crocher un troisi\u00e8me Bouclier de Brennus cons\u00e9cutif samedi 28\u00a0juin 2025 au Stade de France. Malmen\u00e9 par des Basques n\u2019ayant rien \u00e0 perdre au moment de humer l\u2019air du dernier carr\u00e9, plus connu par l\u2019Aviron depuis 1983, le Stade a tenu bon.<\/p>\n<p>Mais la partition \u00e9maill\u00e9e de fausses notes rendue par les hommes d\u2019Ugo Mola dans la touffeur lyonnaise n\u2019a pas eu de quoi effacer les doutes n\u00e9s du revers cinglant subi en <a target=\"_self\" href=\"https:\/\/www.lanouvellerepublique.fr\/sports\/champions-cup-bordeaux-begles-s-offre-le-scalp-de-toulouse-et-une-finale-1746377949\" rel=\"nofollow noopener\">demi-finale de Champions Cup<\/a> d\u00e9but mai face \u00e0 l\u2019Union Bordeaux-B\u00e8gles (35-18).<\/p>\n<p>Loin de leurs standards ces derni\u00e8res semaines, les Toulousains ont offert des munitions dans des zones peu recommandables face \u00e0 un botteur en verve, Segonds, alors que les Basques parvenaient tr\u00e8s peu \u00e0 franchir leur ligne de d\u00e9fense.<\/p>\n<p>Un champion capable de toutes les fulgurances<\/p>\n<p>L\u2019ancien ouvreur du Stade fran\u00e7ais a permis aux siens de prendre les commandes en d\u00e9but de partie (6-3, 10e). Mais les champions de France en titre, bien pr\u00e9sents physiquement, ont tenu \u00e0 rappeler qu\u2019ils \u00e9taient capables de toutes les fulgurances, \u00e0 l\u2019image de l\u2019Argentin Juan Cruz Mallia qui s\u2019est engouffr\u00e9 dans une br\u00e8che d\u2019une superbe perc\u00e9e pour retrouver Romain Ntamack (10-6, 12e).<\/p>\n<p>En s\u2019appuyant sur les fautes commises par les co\u00e9quipiers d\u2019Anthony Jelonch dans leur camp, les Bayonnais ont pu rester dans le match. Ils ont su \u00eatre opportunistes mais ont eu du mal \u00e0 cr\u00e9er le danger dans le camp des Haut-Garonnais\u00a0: ils ont d\u00fb attendre la 45e\u00a0pour p\u00e9n\u00e9trer pour la premi\u00e8re fois dans les 22 m\u00e8tres adverses.<\/p>\n<p>Un nouveau lancement de jeu habile des Toulousains leur a offert un avantage plus confortable lorsqu\u2019un beau d\u00e9calage initi\u00e9 par Ntamack s\u2019est achev\u00e9 par une course de soutien de Paul Graou. Un mouvement appr\u00e9ci\u00e9 par Antoine Dupont, qui soigne toujours son genou mais \u00e9tait pr\u00e9sent dans les tribunes de l\u2019antre de l\u2019Olympique Lyonnais (20-12, 31e).<\/p>\n<p>Ramos au rendez-vous<\/p>\n<p>Auteur d\u2019un 6\/6 au pied, Joris Segonds a port\u00e9 son \u00e9quipe, qui a peu \u00e0 peu c\u00e9der, dans le deuxi\u00e8me acte, face \u00e0 la patience d\u2019une formation habitu\u00e9e aux grands rendez-vous.<\/p>\n<p>Le buteur d\u2019en face, un certain Thomas Ramos, a montr\u00e9 qu\u2019il avait du r\u00e9pondant pour punir des Basques dans le dur physiquement, et le dernier essai de Lucas Martin en forme de r\u00e9compense pour eux apr\u00e8s la sir\u00e8ne ne pouvait rien y changer.<\/p>\n<p>Thomas Ramos aussi a tourn\u00e9 \u00e0 100\u00a0% de r\u00e9ussite (8\/8) dans un moment qu\u2019il conna\u00eet mieux que quiconque, \u00e9tant le seul Toulousain \u00e0 avoir \u00e9t\u00e9 titulaire lors des six derni\u00e8res demi-finales de Top\u00a014.<\/p>\n<p>Imperturbable alors que la cohorte basque entonnait une Pena Baiona destin\u00e9e \u00e0 c\u00e9l\u00e9brer une saison historique pour les Ciel et Blanc, Ramos a creus\u00e9 l\u2019\u00e9cart, irr\u00e9m\u00e9diablement.<\/p>\n<p>Apr\u00e8s un \u00e9chec cuisant, des blessures \u00e0 foison et des semaines de doute, Toulouse est \u00e0 un match d\u2019un nouveau sacre.<\/p>\n<p><strong>Mi-temps\u00a0:<\/strong> 20-15.<br \/><strong>Arbitre\u00a0:<\/strong> M.\u00a0Ramos.<br \/><strong>Pour Toulouse\u00a0:<\/strong> 2E Ntamack (12e), Garou (31e), 6P Ramos (8e, 22e, 45e, 56e, 69e, 74e), 2T Ramos (12e, 31e).<br \/><strong>Pour Bayonne\u00a0:<\/strong> 1E Martin (80e), 6P Segonds (2e, 10e, 19e, 29e, 35e, 52e) , 1T Lopez (80e).<br \/><strong>Cartons jaunes\u00a0:<\/strong> \u00e0 Toulouse, Marchant (51e)\u00a0; \u00e0 Bayonne, Lopez (55e).<\/p>\n","protected":false},"excerpt":{"rendered":"Toulouse\u00a0: 32Bayonne\u00a0: 25 Toulouse tentera de d\u00e9crocher un troisi\u00e8me Bouclier de Brennus cons\u00e9cutif samedi 28\u00a0juin 2025 au Stade&hellip;\n","protected":false},"author":2,"featured_media":192052,"comment_status":"","ping_status":"","sticky":false,"template":"","format":"standard","meta":{"footnotes":""},"categories":[2816],"tags":[328,1111,11,1777,674,1011,27,12,2680,25,479,60,478,2312],"class_list":{"0":"post-192051","1":"post","2":"type-post","3":"status-publish","4":"format-standard","5":"has-post-thumbnail","7":"category-toulouse","8":"tag-a-la-une","9":"tag-actu","10":"tag-actualites","11":"tag-eu","12":"tag-europe","13":"tag-fr","14":"tag-france","15":"tag-news","16":"tag-occitanie","17":"tag-republique-francaise","18":"tag-rugby","19":"tag-sports","20":"tag-top-14","21":"tag-toulouse"},"share_on_mastodon":{"url":"https:\/\/pubeurope.com\/@fr\/114718157259861590","error":""},"_links":{"self":[{"href":"https:\/\/www.europesays.com\/fr\/wp-json\/wp\/v2\/posts\/192051","targetHints":{"allow":["GET"]}}],"collection":[{"href":"https:\/\/www.europesays.com\/fr\/wp-json\/wp\/v2\/posts"}],"about":[{"href":"https:\/\/www.europesays.com\/fr\/wp-json\/wp\/v2\/types\/post"}],"author":[{"embeddable":true,"href":"https:\/\/www.europesays.com\/fr\/wp-json\/wp\/v2\/users\/2"}],"replies":[{"embeddable":true,"href":"https:\/\/www.europesays.com\/fr\/wp-json\/wp\/v2\/comments?post=192051"}],"version-history":[{"count":0,"href":"https:\/\/www.europesays.com\/fr\/wp-json\/wp\/v2\/posts\/192051\/revisions"}],"wp:featuredmedia":[{"embeddable":true,"href":"https:\/\/www.europesays.com\/fr\/wp-json\/wp\/v2\/media\/192052"}],"wp:attachment":[{"href":"https:\/\/www.europesays.com\/fr\/wp-json\/wp\/v2\/media?parent=192051"}],"wp:term":[{"taxonomy":"category","embeddable":true,"href":"https:\/\/www.europesays.com\/fr\/wp-json\/wp\/v2\/categories?post=192051"},{"taxonomy":"post_tag","embeddable":true,"href":"https:\/\/www.europesays.com\/fr\/wp-json\/wp\/v2\/tags?post=192051"}],"curies":[{"name":"wp","href":"https:\/\/api.w.org\/{rel}","templated":true}]}}