{"id":192107,"date":"2025-06-20T23:27:16","date_gmt":"2025-06-20T23:27:16","guid":{"rendered":"https:\/\/www.europesays.com\/fr\/192107\/"},"modified":"2025-06-20T23:27:16","modified_gmt":"2025-06-20T23:27:16","slug":"architectures-a-vivre-dans-cette-etonnante-maison-de-pleudaniel-les-pieces-secartent-des-murs","status":"publish","type":"post","link":"https:\/\/www.europesays.com\/fr\/192107\/","title":{"rendered":"Architectures \u00e0 vivre : dans cette \u00e9tonnante maison de Pleudaniel, les pi\u00e8ces s\u2019\u00e9cartent des murs"},"content":{"rendered":"<p>Imaginez un corps de ferme, tout ce qu\u2019il y a de plus classique en Bretagne. Entrez et levez la t\u00eate. Pos\u00e9 sur des poutres en acier brut, aux c\u00f4t\u00e9s des poutres en bois d\u2019origine, l\u2019\u00e9tage de la demeure semble flotter, laissant descendre sur vous une lumi\u00e8re venue du toit.<\/p>\n<p>C\u2019est en 2019 que Mireille et Thierry rach\u00e8tent cette ancienne ferme alors qu\u2019ils r\u00e9sident en r\u00e9gion parisienne. Ils y ont depuis \u00e9lu domicile. \u00ab Elle \u00e9tait trou\u00e9e de partout, se rem\u00e9more Mireille. Le plancher \u00e9tait&#8230; authentique \u00bb, ajoute-t-elle en souriant. \u00ab J\u2019ai \u00e9t\u00e9 frapp\u00e9 par le c\u00f4t\u00e9 sombre de la pi\u00e8ce principale, l\u2019odeur d\u2019humidit\u00e9. J\u2019ai tout de suite compris qu\u2019on allait s\u2019engager dans quelque chose d\u2019important \u00bb, rembobine Thierry. Mais le chantier \u00e9tait \u00ab un peu gros pour nous \u00bb. D\u2019o\u00f9 l\u2019appel \u00e0 un architecte, Matthieu Douane, \u00e9tabli \u00e0 Tr\u00e9guier avec son atelier Original ! Architectes. C\u2019est lui qui a incit\u00e9 le couple \u00e0 une premi\u00e8re d\u00e9cision forte : \u00ab curer la maison \u00bb et creuser sur 40 cm, pour \u00ab v\u00e9rifier l\u2019\u00e9tat g\u00e9n\u00e9ral \u00bb. D\u00e9sireux de conserver des mat\u00e9riaux bruts, le couple accepte d\u2019y m\u00ealer d\u2019autres plus contemporains. Une fois la maison \u00ab d\u00e9pouill\u00e9e \u00bb, il \u00e9tait temps de penser \u00e0 y faire venir la lumi\u00e8re.<\/p>\n<p><img decoding=\"async\" src=\"https:\/\/www.europesays.com\/fr\/wp-content\/uploads\/2025\/06\/68551a064997a275c701ba52.1.jpeg\" width=\"480\" height=\"300\" class=\"web_golden_m\" loading=\"lazy\" alt=\"La cuisine, surmont\u00e9e par la salle de bains.\"\/>La cuisine, surmont\u00e9e par la salle de bains. (Le T\u00e9l\u00e9gramme\/J\u00e9r\u00f4me Bouin)\u00ab Belv\u00e9d\u00e8re \u00bb sous la charpente<\/p>\n<p>\u00ab Il y avait une proposition d\u2019ouvrir un mur. Un beau mur. \u00c7a ne m\u2019inspirait pas trop \u00bb, reconna\u00eet Matthieu Douane. Les fa\u00e7ades sont belles. La couverture \u00e9tait \u00e0 refaire, c\u2019\u00e9tait l\u2019\u00e9l\u00e9ment le plus mall\u00e9able. Comment allait-on faire venir la lumi\u00e8re en bas ? \u00bb La r\u00e9ponse a \u00e9t\u00e9 d\u2019\u00e9carter les pi\u00e8ces de l\u2019\u00e9tage des murs ext\u00e9rieurs, permettant aux verri\u00e8res du toit d\u2019\u00e9clairer jusqu\u2019en bas. Un nouvel escalier en acier et ch\u00eane dessert, au premier, un salon entour\u00e9 de verri\u00e8res en acier, bois et verre. \u00c0 l\u2019\u00e9tage sup\u00e9rieur s\u2019ouvre un \u00ab belv\u00e9d\u00e8re flottant dans la charpente \u00bb. Spectaculaire.<\/p>\n<p>\u00ab Il nous a un peu bouscul\u00e9s dans nos conceptions de ce qu\u2019\u00e9tait une r\u00e9novation \u00bb, explique Thierry. Cette id\u00e9e d\u2019\u00e9carter les pi\u00e8ces des murs ? \u00ab On a dit waouh !!! \u00bb, se souvient Mireille. L\u2019architecte a pris soin de conserver un maximum de murs en pierre, rejointoy\u00e9 ou par\u00e9s d\u2019un enduit chaux-chanvre. Un chantier men\u00e9 avec des artisans du Tr\u00e9gor, achev\u00e9 au printemps 2023 et ouvert, exceptionnellement, \u00e0 la visite dimanche 29 juin.<\/p>\n<p>Pratique<\/p>\n<p class=\"note\">Les Journ\u00e9es d\u2019architecture \u00e0 vivre : 150 maisons ou appartements \u00e0 visiter en France dont six entre Perros-Guirec et Paimpol les 21, 22, 28 et 29 juin. \u00c0 Pleudaniel, visite uniquement dimanche 29 juin, l\u2019apr\u00e8s-midi. Inscription obligatoire sur le site <a href=\"https:\/\/www.journeesavivre.fr\/\" target=\"_blank\" rel=\"nofollow noopener\">journeesavivre.fr<\/a>. Tarif : 2 \u20ac.<\/p>\n","protected":false},"excerpt":{"rendered":"Imaginez un corps de ferme, tout ce qu\u2019il y a de plus classique en Bretagne. Entrez et levez&hellip;\n","protected":false},"author":2,"featured_media":192108,"comment_status":"","ping_status":"","sticky":false,"template":"","format":"standard","meta":{"footnotes":""},"categories":[1358],"tags":[1350,1348,1384,1385,33071,1386,58,59,1011,27,5862,7762,33070,1352],"class_list":{"0":"post-192107","1":"post","2":"type-post","3":"status-publish","4":"format-standard","5":"has-post-thumbnail","7":"category-arts-et-design","8":"tag-architecture","9":"tag-arts","10":"tag-arts-and-design","11":"tag-arts-et-design","12":"tag-ces-architectes-qui-faconnent-le-tregor","13":"tag-design","14":"tag-divertissement","15":"tag-entertainment","16":"tag-fr","17":"tag-france","18":"tag-lannion","19":"tag-paimpol","20":"tag-pleudaniel","21":"tag-urbanisme"},"share_on_mastodon":{"url":"https:\/\/pubeurope.com\/@fr\/114718287129798400","error":""},"_links":{"self":[{"href":"https:\/\/www.europesays.com\/fr\/wp-json\/wp\/v2\/posts\/192107","targetHints":{"allow":["GET"]}}],"collection":[{"href":"https:\/\/www.europesays.com\/fr\/wp-json\/wp\/v2\/posts"}],"about":[{"href":"https:\/\/www.europesays.com\/fr\/wp-json\/wp\/v2\/types\/post"}],"author":[{"embeddable":true,"href":"https:\/\/www.europesays.com\/fr\/wp-json\/wp\/v2\/users\/2"}],"replies":[{"embeddable":true,"href":"https:\/\/www.europesays.com\/fr\/wp-json\/wp\/v2\/comments?post=192107"}],"version-history":[{"count":0,"href":"https:\/\/www.europesays.com\/fr\/wp-json\/wp\/v2\/posts\/192107\/revisions"}],"wp:featuredmedia":[{"embeddable":true,"href":"https:\/\/www.europesays.com\/fr\/wp-json\/wp\/v2\/media\/192108"}],"wp:attachment":[{"href":"https:\/\/www.europesays.com\/fr\/wp-json\/wp\/v2\/media?parent=192107"}],"wp:term":[{"taxonomy":"category","embeddable":true,"href":"https:\/\/www.europesays.com\/fr\/wp-json\/wp\/v2\/categories?post=192107"},{"taxonomy":"post_tag","embeddable":true,"href":"https:\/\/www.europesays.com\/fr\/wp-json\/wp\/v2\/tags?post=192107"}],"curies":[{"name":"wp","href":"https:\/\/api.w.org\/{rel}","templated":true}]}}