{"id":19212,"date":"2025-04-12T06:06:09","date_gmt":"2025-04-12T06:06:09","guid":{"rendered":"https:\/\/www.europesays.com\/fr\/19212\/"},"modified":"2025-04-12T06:06:09","modified_gmt":"2025-04-12T06:06:09","slug":"kate-et-william-louis-prive-dheritage-cette-petite-musique-monte-et-cest-la-faute-dun-paria-de-la-couronne","status":"publish","type":"post","link":"https:\/\/www.europesays.com\/fr\/19212\/","title":{"rendered":"Kate et William : Louis priv\u00e9 d\u2019h\u00e9ritage ? Cette petite musique monte et c\u2019est la faute d\u2019un paria de la Couronne"},"content":{"rendered":"<p>Il est le fils du futur roi, mais il pourrait ne jamais h\u00e9riter<br \/>\nde rien\u00a0! Quatri\u00e8me dans l\u2019ordre de succession au tr\u00f4ne<br \/>\nbritannique, le <a href=\"https:\/\/www.closermag.fr\/royautes\/prince-louis-a-6-ans-le-cliche-officiel-sest-fait-attendre-mais-kate-a-enfin-degaine-3429829\" target=\"_blank\" rel=\"noopener\"><br \/>\nprince Louis, 6 ans<\/a>, <strong>pourrait n\u2019acqu\u00e9rir aucun titre de<br \/>\nnoblesse \u00e0 son mariage\u2026<\/strong><\/p>\n<p><img aria-describedby=\"caption-attachment-3536139\" itemprop=\"thumbnailUrl\" decoding=\"async\" loading=\"lazy\" class=\"size-medium wp-image-3536139 img-responsive\" src=\"https:\/\/www.europesays.com\/fr\/wp-content\/uploads\/2025\/04\/bestimage_00600379_000049-1-229x300.jpg\" alt=\"\" width=\"229\" height=\"300\"\/> \u00a9 Backgrid UK\/<br \/>\nBestimage<\/p>\n<p id=\"caption-attachment-3536139\" class=\"wp-caption-text\">Le<br \/>\nprince Louis pourrait ne pas h\u00e9riter du duch\u00e9 d&rsquo;York \u00e0 cause&#8230; du<br \/>\nprince Andrew !<\/p>\n<p>Dans la monarchie britannique, il est de coutume que le fr\u00e8re<br \/>\ncadet de l\u2019h\u00e9ritier re\u00e7oive, \u00e0 son mariage, un titre symbolique<br \/>\nfort\u00a0: <strong>le duch\u00e9 d\u2019York.<\/strong> Ainsi, en tant que<br \/>\nfr\u00e8re cadet du prince George, h\u00e9ritier direct du prince William,<br \/>\n<strong>le prince Louis devrait recevoir le titre de duc d\u2019York le<br \/>\njour de ses \u00e9pousailles.<\/strong><\/p>\n<p>Le prince Louis priv\u00e9 de duch\u00e9 \u00e0 cause du prince<br \/>\nAndrew\u00a0?<\/p>\n<p>Probl\u00e8me\u00a0: le titre est actuellement entre les mains d\u2019un<br \/>\nautre prince\u2026 et pas n\u2019importe lequel\u00a0! En juillet 1986, la<br \/>\nd\u00e9funte <a href=\"https:\/\/www.closermag.fr\/royautes\/elizabeth-ii-cette-consequence-de-sa-mort-qui-la-tracassee-jusquau-bout-face-a-ses-enfants-3488830\" target=\"_blank\" rel=\"noopener\"><br \/>\nreine Elizabeth II<\/a> a octroy\u00e9 le titre de duc d\u2019York \u00e0 son<br \/>\ndernier fils, le <a href=\"https:\/\/www.closermag.fr\/royautes\/prince-andrew-quelle-est-sa-fortune-3519575\" target=\"_blank\" rel=\"noopener\"><br \/>\nprince Andrew<\/a>, qui \u00e9pousait alors Sarah Ferguson. Depuis,<br \/>\n<strong>le fr\u00e8re du roi Charles III est d\u00e9tenteur du duch\u00e9 d\u2019York<br \/>\net ne le perdra qu\u2019au moment de sa mort.<\/strong> Ainsi, si le<br \/>\nprince Louis venait \u00e0 se marier avant la mort du prince Andrew, il<br \/>\npourrait passer \u00e0 c\u00f4t\u00e9 du titre de duc d\u2019York. Dommage\u00a0!<\/p>\n<p>Que les fans du prince Louis se rassurent, le petit<br \/>\nboute-en-train de la Couronne aura d\u2019autres opportunit\u00e9s d\u2019obtenir<br \/>\nun titre. <strong>Il pourrait en effet devenir duc de<br \/>\nCambridge.<\/strong> Mais l\u00e0 encore, il y a des conditions\u2026<\/p>\n<p>Le prince Louis futur duc de<br \/>\nCambridge\u00a0?<\/p>\n<p>Selon la tradition, <strong>le duch\u00e9 de Cambridge revient au<br \/>\nfils de l\u2019h\u00e9ritier de la Couronne.<\/strong> Ainsi, lors de son<br \/>\nmariage \u00e0 Kate Middleton en 2011, le prince William l\u2019a acquis en<br \/>\ntant qu\u2019h\u00e9ritier du roi Charles III, alors prince de Galles.<\/p>\n<p>Si l\u2019on suit cette logique, le duch\u00e9 de Cambridge devrait<br \/>\nrevenir au prince George, le fils de William. N\u00e9anmoins, il est<br \/>\npossible que le prince Louis se l\u2019octroie plut\u00f4t que son fr\u00e8re<br \/>\na\u00een\u00e9. Pour cela, <strong>il faudrait que Louis se marie apr\u00e8s le<br \/>\ncouronnement de son p\u00e8re, le prince William,<\/strong> et que son<br \/>\nfr\u00e8re a\u00een\u00e9, le prince George, soit d\u00e9j\u00e0 nomm\u00e9 prince de Galles.<\/p>\n<p>En somme, rien ne dit que le prince Louis deviendra duc un<br \/>\njour\u00a0! Mais avec la famille royale britannique, on sait bien<br \/>\nque tout peut arriver\u2026<\/p>\n","protected":false},"excerpt":{"rendered":"Il est le fils du futur roi, mais il pourrait ne jamais h\u00e9riter de rien\u00a0! Quatri\u00e8me dans l\u2019ordre&hellip;\n","protected":false},"author":2,"featured_media":19213,"comment_status":"","ping_status":"","sticky":false,"template":"","format":"standard","meta":{"footnotes":""},"categories":[1359],"tags":[548,58,59,1011,27,5858,973,7529,3936],"class_list":{"0":"post-19212","1":"post","2":"type-post","3":"status-publish","4":"format-standard","5":"has-post-thumbnail","7":"category-people","8":"tag-article-simple","9":"tag-divertissement","10":"tag-entertainment","11":"tag-fr","12":"tag-france","13":"tag-kate-middleton","14":"tag-people","15":"tag-prince-louis","16":"tag-prince-william"},"share_on_mastodon":{"url":"https:\/\/pubeurope.com\/@fr\/114323494211401334","error":""},"_links":{"self":[{"href":"https:\/\/www.europesays.com\/fr\/wp-json\/wp\/v2\/posts\/19212","targetHints":{"allow":["GET"]}}],"collection":[{"href":"https:\/\/www.europesays.com\/fr\/wp-json\/wp\/v2\/posts"}],"about":[{"href":"https:\/\/www.europesays.com\/fr\/wp-json\/wp\/v2\/types\/post"}],"author":[{"embeddable":true,"href":"https:\/\/www.europesays.com\/fr\/wp-json\/wp\/v2\/users\/2"}],"replies":[{"embeddable":true,"href":"https:\/\/www.europesays.com\/fr\/wp-json\/wp\/v2\/comments?post=19212"}],"version-history":[{"count":0,"href":"https:\/\/www.europesays.com\/fr\/wp-json\/wp\/v2\/posts\/19212\/revisions"}],"wp:featuredmedia":[{"embeddable":true,"href":"https:\/\/www.europesays.com\/fr\/wp-json\/wp\/v2\/media\/19213"}],"wp:attachment":[{"href":"https:\/\/www.europesays.com\/fr\/wp-json\/wp\/v2\/media?parent=19212"}],"wp:term":[{"taxonomy":"category","embeddable":true,"href":"https:\/\/www.europesays.com\/fr\/wp-json\/wp\/v2\/categories?post=19212"},{"taxonomy":"post_tag","embeddable":true,"href":"https:\/\/www.europesays.com\/fr\/wp-json\/wp\/v2\/tags?post=19212"}],"curies":[{"name":"wp","href":"https:\/\/api.w.org\/{rel}","templated":true}]}}