{"id":192135,"date":"2025-06-20T23:41:20","date_gmt":"2025-06-20T23:41:20","guid":{"rendered":"https:\/\/www.europesays.com\/fr\/192135\/"},"modified":"2025-06-20T23:41:20","modified_gmt":"2025-06-20T23:41:20","slug":"aeroport-saint-etienne-loire-des-nouvelles-destinations-bientot-disponibles","status":"publish","type":"post","link":"https:\/\/www.europesays.com\/fr\/192135\/","title":{"rendered":"A\u00e9roport Saint-\u00c9tienne Loire : des nouvelles destinations bient\u00f4t disponibles !"},"content":{"rendered":"<p>Des nouveaux vols \u00e0 venir au d\u00e9part de l&rsquo;a\u00e9roport d&rsquo;Andr\u00e9zieux-Bouth\u00e9on. L&rsquo;organisateur de voyages Vitamines Vacances annonce un avion \u00e0 destination de Rhodes (Gr\u00e8ce), en \u00c9gypte, en Andalousie, \u00e0 Malte ou encore en Laponie.<\/p>\n<p>Des nouvelles destinations disponibles depuis <b>l&rsquo;a\u00e9roport Saint-\u00c9tienne Loire<\/b> ! Ce vendredi 20 juin, lors d&rsquo;une conf\u00e9rence de presse, la compagnie <b>Vitamines Vacances<\/b> a annonc\u00e9 <b>des nouveaux vols<\/b> pour les ann\u00e9es \u00e0 venir.<\/p>\n<p>La Gr\u00e8ce, l&rsquo;\u00c9gypte, l&rsquo;Italie ou encore la Laponie !<\/p>\n<p>Les nouvelles destinations depuis l&rsquo;a\u00e9roport situ\u00e9 \u00e0 Andr\u00e9zieux-Bouth\u00e9on sont les suivantes :<br \/>\u00a0<br \/>&#8211; <b>Rhodes<\/b> (Gr\u00e8ce) du 19 au 26 octobre 2025<br \/>&#8211; <b>l&rsquo;\u00c9gypte<\/b> du 1er au 8 novembre 2025<br \/>&#8211; <b>l&rsquo;Andalousie<\/b>, <b>l&rsquo;Italie<\/b>, <b>l&rsquo;Albanie<\/b>, <b>Malte<\/b>, <b>la Tunisie<\/b> en 2026<br \/>&#8211; <b>la Laponie<\/b> du 20 au 27 f\u00e9vrier 2027<\/p>\n<p>Sachez qu&rsquo;il est d\u00e9j\u00e0 possible de r\u00e9server pour partir <a class=\"url\" href=\"https:\/\/saint-etienne.aeroport.fr\/2024\/08\/05\/egypte\/\" target=\"_blank\" rel=\"noopener\">en \u00c9gypte<\/a> et <a class=\"url\" href=\"https:\/\/saint-etienne.aeroport.fr\/2024\/09\/10\/rhodes202510\/\" target=\"_blank\" rel=\"noopener\">\u00e0 Rhodes<\/a>. Des voyages o\u00f9 tout est inclus : le vol aller-retour, le transfert de l&rsquo;a\u00e9roport \u00e0 l&rsquo;h\u00f4tel, le logement.<\/p>\n<p>La ligne r\u00e9guli\u00e8re \u00e0 destination de<b> Beja\u00efa<\/b> en Alg\u00e9rie va \u00e9galement \u00eatre renouvel\u00e9e pour cet \u00e9t\u00e9, soit du 6 juillet au 7 septembre 2025.\u00a0<\/p>\n<p>Toutes les informations sont disponibles sur <a class=\"url\" href=\"https:\/\/saint-etienne.aeroport.fr\/\" target=\"_blank\" rel=\"noopener\">le site de l&rsquo;a\u00e9roport Saint-\u00c9tienne Loire<\/a>.<\/p>\n<p><img loading=\"lazy\" decoding=\"async\" src=\"https:\/\/www.europesays.com\/fr\/wp-content\/uploads\/2025\/06\/1750462880_367_img\" width=\"350\" height=\"200\" border=\"0\" title=\"\u00c3\u0080 Andr\u00c3\u00a9zieux-Bouth\u00c3\u00a9on, la maman donne naissance \u00c3\u00a0 la maison\"\/><\/p>\n<p>\u25baSoci\u00e9t\u00e9<\/p>\n<p style=\"font-size: 22px;\"><b>Loire : le couple n&rsquo;a pas le temps d&rsquo;aller \u00e0 la maternit\u00e9, leur b\u00e9b\u00e9 na\u00eet \u00e0 la maison<\/b><\/p>\n<p>Mardi 17 juin, un couple a donn\u00e9 naissance \u00e0 son&#8230;<\/p>\n<p><\/p>\n","protected":false},"excerpt":{"rendered":"Des nouveaux vols \u00e0 venir au d\u00e9part de l&rsquo;a\u00e9roport d&rsquo;Andr\u00e9zieux-Bouth\u00e9on. L&rsquo;organisateur de voyages Vitamines Vacances annonce un avion&hellip;\n","protected":false},"author":2,"featured_media":192136,"comment_status":"","ping_status":"","sticky":false,"template":"","format":"standard","meta":{"footnotes":""},"categories":[9653],"tags":[33080,33077,1111,11,5230,9143,33081,33078,2430,1777,674,1011,27,33079,452,33082,7950,12,25,29842,9920,4001,2028,2692],"class_list":{"0":"post-192135","1":"post","2":"type-post","3":"status-publish","4":"format-standard","5":"has-post-thumbnail","7":"category-saint-etienne","8":"tag-gypte","9":"tag-aroport","10":"tag-actu","11":"tag-actualites","12":"tag-albanie","13":"tag-algrie","14":"tag-andalousie","15":"tag-andrzieux","16":"tag-auvergne-rhone-alpes","17":"tag-eu","18":"tag-europe","19":"tag-fr","20":"tag-france","21":"tag-grce","22":"tag-italie","23":"tag-laponie","24":"tag-malte","25":"tag-news","26":"tag-republique-francaise","27":"tag-rhodes","28":"tag-saint-tienne","29":"tag-saint-etienne","30":"tag-tunisie","31":"tag-vols"},"share_on_mastodon":{"url":"https:\/\/pubeurope.com\/@fr\/114718342151650056","error":""},"_links":{"self":[{"href":"https:\/\/www.europesays.com\/fr\/wp-json\/wp\/v2\/posts\/192135","targetHints":{"allow":["GET"]}}],"collection":[{"href":"https:\/\/www.europesays.com\/fr\/wp-json\/wp\/v2\/posts"}],"about":[{"href":"https:\/\/www.europesays.com\/fr\/wp-json\/wp\/v2\/types\/post"}],"author":[{"embeddable":true,"href":"https:\/\/www.europesays.com\/fr\/wp-json\/wp\/v2\/users\/2"}],"replies":[{"embeddable":true,"href":"https:\/\/www.europesays.com\/fr\/wp-json\/wp\/v2\/comments?post=192135"}],"version-history":[{"count":0,"href":"https:\/\/www.europesays.com\/fr\/wp-json\/wp\/v2\/posts\/192135\/revisions"}],"wp:featuredmedia":[{"embeddable":true,"href":"https:\/\/www.europesays.com\/fr\/wp-json\/wp\/v2\/media\/192136"}],"wp:attachment":[{"href":"https:\/\/www.europesays.com\/fr\/wp-json\/wp\/v2\/media?parent=192135"}],"wp:term":[{"taxonomy":"category","embeddable":true,"href":"https:\/\/www.europesays.com\/fr\/wp-json\/wp\/v2\/categories?post=192135"},{"taxonomy":"post_tag","embeddable":true,"href":"https:\/\/www.europesays.com\/fr\/wp-json\/wp\/v2\/tags?post=192135"}],"curies":[{"name":"wp","href":"https:\/\/api.w.org\/{rel}","templated":true}]}}