{"id":192144,"date":"2025-06-20T23:46:10","date_gmt":"2025-06-20T23:46:10","guid":{"rendered":"https:\/\/www.europesays.com\/fr\/192144\/"},"modified":"2025-06-20T23:46:10","modified_gmt":"2025-06-20T23:46:10","slug":"previsions-du-samedi-21-juin-2025","status":"publish","type":"post","link":"https:\/\/www.europesays.com\/fr\/192144\/","title":{"rendered":"pr\u00e9visions du samedi 21 juin 2025"},"content":{"rendered":"<p>Aujourd&rsquo;hui, les Montpelli\u00e9rains vont pouvoir b\u00e9n\u00e9ficier d&rsquo;un soleil radieux. Les temp\u00e9ratures avoisineront les 26\u00b0C. La ville va subir, le matin, un passage de grosses chaleurs avec des temp\u00e9ratures qui atteindront parfois les 30\u00b0C. Il fera environ 28\u00b0C. Un vent de nord-est soufflera l\u00e9g\u00e8rement, avec 11 km\/h. D\u00e8s l&rsquo;apr\u00e8s-midi, les valeurs \u00e9volueront entre 28 et 30\u2009\u00b0C. Les temp\u00e9ratures s&rsquo;\u00e9chelonneront entre 28\u00b0C et 30\u00b0C, donnant \u00e0 la population l&rsquo;occasion de profiter de l&rsquo;\u00e9t\u00e9. Les valeurs seront de 25\u00b0C dans la soir\u00e9e. Le ciel sera limpide dans la nuit de samedi \u00e0 dimanche.<\/p>\n<p>Demain, un important soleil brillera sur Montpellier. Une diminution du mercure est \u00e0 pr\u00e9voir. Les temp\u00e9ratures seront comprises entre 21 et 29\u00b0C, un temps bel et bien de saison. Un l\u00e9ger vent de nord-est sera ressenti par les habitants. Les maximales iront jusqu&rsquo;\u00e0 29\u00b0C dans l&rsquo;apr\u00e8s-midi tandis que les minimales seront de 27\u00b0C : c&rsquo;est donc un superbe \u00e9t\u00e9. Demain soir, la m\u00e9t\u00e9o sera ponctu\u00e9e par des pluies \u00e9parses.<\/p>\n<p>Peu d&rsquo;\u00e9volutions au fil des jours. Comptez sur 34\u00b0C en moyenne qui accompagneront des journ\u00e9es ensoleill\u00e9es.<\/p>\n<p>Pour la f\u00eate des p\u00e8res, aujourd&rsquo;hui, n&rsquo;omettez pas de souhaiter une agr\u00e9able f\u00eate \u00e0 tous papas.<\/p>\n","protected":false},"excerpt":{"rendered":"Aujourd&rsquo;hui, les Montpelli\u00e9rains vont pouvoir b\u00e9n\u00e9ficier d&rsquo;un soleil radieux. Les temp\u00e9ratures avoisineront les 26\u00b0C. La ville va subir,&hellip;\n","protected":false},"author":2,"featured_media":192145,"comment_status":"","ping_status":"","sticky":false,"template":"","format":"standard","meta":{"footnotes":""},"categories":[9599],"tags":[1111,11,1777,674,1011,27,7089,2681,2208,12,2680,2119,25],"class_list":{"0":"post-192144","1":"post","2":"type-post","3":"status-publish","4":"format-standard","5":"has-post-thumbnail","7":"category-montpellier","8":"tag-actu","9":"tag-actualites","10":"tag-eu","11":"tag-europe","12":"tag-fr","13":"tag-france","14":"tag-herault","15":"tag-languedoc-roussillon","16":"tag-montpellier","17":"tag-news","18":"tag-occitanie","19":"tag-previsions-meteo","20":"tag-republique-francaise"},"share_on_mastodon":{"url":"https:\/\/pubeurope.com\/@fr\/114718361781785772","error":""},"_links":{"self":[{"href":"https:\/\/www.europesays.com\/fr\/wp-json\/wp\/v2\/posts\/192144","targetHints":{"allow":["GET"]}}],"collection":[{"href":"https:\/\/www.europesays.com\/fr\/wp-json\/wp\/v2\/posts"}],"about":[{"href":"https:\/\/www.europesays.com\/fr\/wp-json\/wp\/v2\/types\/post"}],"author":[{"embeddable":true,"href":"https:\/\/www.europesays.com\/fr\/wp-json\/wp\/v2\/users\/2"}],"replies":[{"embeddable":true,"href":"https:\/\/www.europesays.com\/fr\/wp-json\/wp\/v2\/comments?post=192144"}],"version-history":[{"count":0,"href":"https:\/\/www.europesays.com\/fr\/wp-json\/wp\/v2\/posts\/192144\/revisions"}],"wp:featuredmedia":[{"embeddable":true,"href":"https:\/\/www.europesays.com\/fr\/wp-json\/wp\/v2\/media\/192145"}],"wp:attachment":[{"href":"https:\/\/www.europesays.com\/fr\/wp-json\/wp\/v2\/media?parent=192144"}],"wp:term":[{"taxonomy":"category","embeddable":true,"href":"https:\/\/www.europesays.com\/fr\/wp-json\/wp\/v2\/categories?post=192144"},{"taxonomy":"post_tag","embeddable":true,"href":"https:\/\/www.europesays.com\/fr\/wp-json\/wp\/v2\/tags?post=192144"}],"curies":[{"name":"wp","href":"https:\/\/api.w.org\/{rel}","templated":true}]}}