{"id":192162,"date":"2025-06-20T23:58:11","date_gmt":"2025-06-20T23:58:11","guid":{"rendered":"https:\/\/www.europesays.com\/fr\/192162\/"},"modified":"2025-06-20T23:58:11","modified_gmt":"2025-06-20T23:58:11","slug":"ce-que-lon-sait-du-futur-supermarche-grand-frais-pres-de-nice","status":"publish","type":"post","link":"https:\/\/www.europesays.com\/fr\/192162\/","title":{"rendered":"Ce que l&rsquo;on sait du futur supermarch\u00e9 Grand Frais pr\u00e8s de Nice"},"content":{"rendered":"<p>Il est attendu pour la fin de l\u2019\u00e9t\u00e9: le chantier de construction du futur magasin Grand Frais de La Trinit\u00e9 bat son plein.<\/p>\n<p>L\u2019enseigne de grande distribution de produits frais s\u2019installe juste \u00e0 c\u00f4t\u00e9 d\u2019Auchan, dans une halle dont l\u2019architecture s\u2019int\u00e8gre parfaitement au paysage puisqu\u2019elle reprend la forme des serres d\u2019agriculteurs que l\u2019on peut retrouver alentour.<\/p>\n<p>Pour desservir le magasin dont la surface de vente avoisinera les 940m\u00b2, un parking souterrain sur deux niveaux proposera 140 places.<\/p>\n<p>\u00ab\u00a0Il a vocation \u00e0 drainer l\u2019est de la r\u00e9gion ni\u00e7oise, Monaco et \u00e9videmment la vall\u00e9e des Paillons\u00a0\u00bb, a gliss\u00e9 le maire Ladislas Polski, lors d\u2019une visite de chantier, en d\u00e9but de semaine.<\/p>\n<p>Un projet qui compl\u00e8te l\u2019offre commerciale trinitaire tout en s\u2019inscrivant dans une ambition d\u2019attractivit\u00e9. Mais, souligne encore le maire, en restant vigilant sur la gestion des flux de circulation et la bonne int\u00e9gration de l\u2019enseigne aux cat\u00e9gories sociales pr\u00e9sentes dans la vall\u00e9e des Paillons.<\/p>\n<p>La visite du chantier, en pr\u00e9sence de du directeur g\u00e9n\u00e9ral France de Grand Frais, C\u00e9dric Osternaud, a permis de d\u00e9couvrir les installations du magasin pour partie install\u00e9es en sous-sol.<\/p>\n<p>Contrairement aux magasins de distribution alimentaire classique, Grand Frais revendique la particularit\u00e9 d\u2019avoir plusieurs chambres \u00e0 des temp\u00e9ratures diff\u00e9rentes, pour optimiser la conservation des fruits et les l\u00e9gumes, les produits tropicaux, les viandes&#8230;<\/p>\n<p>Grand Frais ambitionne d\u2019ailleurs de proposer une offre large de produits locaux, notamment la courgette de Nice.<\/p>\n<p><strong>Une quarantaine d\u2019emplois cr\u00e9\u00e9s<\/strong><\/p>\n<p>La date pr\u00e9cise de l\u2019ouverture du magasin n\u2019est pas encore fix\u00e9e mais l\u2019\u00e9ch\u00e9ance de la rentr\u00e9e de septembre est \u00e9voqu\u00e9e.<\/p>\n<p>Reste, durant l\u2019\u00e9t\u00e9, \u00e0 terminer les am\u00e9nagements de voirie pour faciliter les acc\u00e8s, notamment pour els personnes \u00e0 mobilit\u00e9 r\u00e9duite, et assurer la continuit\u00e9 d\u2019un trottoir assez large pour la s\u00e9curit\u00e9 des pi\u00e9tons aux abords du magasin, dont l\u2019entr\u00e9e se fera en face de la station service de Auchan.<\/p>\n<p>L\u2019ouverture devrait co\u00efncider avec la cr\u00e9ation d\u2019environ 45 emplois.<\/p>\n","protected":false},"excerpt":{"rendered":"Il est attendu pour la fin de l\u2019\u00e9t\u00e9: le chantier de construction du futur magasin Grand Frais de&hellip;\n","protected":false},"author":2,"featured_media":192163,"comment_status":"","ping_status":"","sticky":false,"template":"","format":"standard","meta":{"footnotes":""},"categories":[2819],"tags":[1111,11,1777,674,1011,27,12,2401,882,25,3366],"class_list":{"0":"post-192162","1":"post","2":"type-post","3":"status-publish","4":"format-standard","5":"has-post-thumbnail","7":"category-nice","8":"tag-actu","9":"tag-actualites","10":"tag-eu","11":"tag-europe","12":"tag-fr","13":"tag-france","14":"tag-news","15":"tag-nice","16":"tag-provence-alpes-cote-dazur","17":"tag-republique-francaise","18":"tag-vie-locale"},"share_on_mastodon":{"url":"https:\/\/pubeurope.com\/@fr\/114718408949816258","error":""},"_links":{"self":[{"href":"https:\/\/www.europesays.com\/fr\/wp-json\/wp\/v2\/posts\/192162","targetHints":{"allow":["GET"]}}],"collection":[{"href":"https:\/\/www.europesays.com\/fr\/wp-json\/wp\/v2\/posts"}],"about":[{"href":"https:\/\/www.europesays.com\/fr\/wp-json\/wp\/v2\/types\/post"}],"author":[{"embeddable":true,"href":"https:\/\/www.europesays.com\/fr\/wp-json\/wp\/v2\/users\/2"}],"replies":[{"embeddable":true,"href":"https:\/\/www.europesays.com\/fr\/wp-json\/wp\/v2\/comments?post=192162"}],"version-history":[{"count":0,"href":"https:\/\/www.europesays.com\/fr\/wp-json\/wp\/v2\/posts\/192162\/revisions"}],"wp:featuredmedia":[{"embeddable":true,"href":"https:\/\/www.europesays.com\/fr\/wp-json\/wp\/v2\/media\/192163"}],"wp:attachment":[{"href":"https:\/\/www.europesays.com\/fr\/wp-json\/wp\/v2\/media?parent=192162"}],"wp:term":[{"taxonomy":"category","embeddable":true,"href":"https:\/\/www.europesays.com\/fr\/wp-json\/wp\/v2\/categories?post=192162"},{"taxonomy":"post_tag","embeddable":true,"href":"https:\/\/www.europesays.com\/fr\/wp-json\/wp\/v2\/tags?post=192162"}],"curies":[{"name":"wp","href":"https:\/\/api.w.org\/{rel}","templated":true}]}}