{"id":192164,"date":"2025-06-20T23:59:11","date_gmt":"2025-06-20T23:59:11","guid":{"rendered":"https:\/\/www.europesays.com\/fr\/192164\/"},"modified":"2025-06-20T23:59:11","modified_gmt":"2025-06-20T23:59:11","slug":"previsions-du-samedi-21-juin-2025-4","status":"publish","type":"post","link":"https:\/\/www.europesays.com\/fr\/192164\/","title":{"rendered":"pr\u00e9visions du samedi 21 juin 2025"},"content":{"rendered":"<p>Nice va \u00eatre baign\u00e9e de soleil durant cette journ\u00e9e. Les temp\u00e9ratures seront de 25\u00b0C. Un vent de sud-est rafra\u00eechira un peu l&rsquo;atmosph\u00e8re. Il fera en moyenne 26\u00b0C, le matin. La chaleur estivale sera bien l\u00e0 puisque les valeurs seront quand m\u00eame de 24\u00b0C au minimum et de 27\u00b0C au plus haut l&rsquo;apr\u00e8s-midi. L&rsquo;\u00e9t\u00e9 s&rsquo;est d\u00e9finitivement install\u00e9 puisque les temp\u00e9ratures iront de 23 \u00e0 25\u00b0C sur l&rsquo;ensemble de la soir\u00e9e. Entre samedi et dimanche, la nuit sera claire.<\/p>\n<p>Ce sera un bel \u00e9t\u00e9 \u00e0 Nice : les valeurs seront comprises entre 22 et 27\u00b0C demain. Cette matin\u00e9e rimera avec beau soleil. Le mercure affichera 26\u00b0C en moyenne. Un vent de sud-est soufflera l\u00e9g\u00e8rement. Demain apr\u00e8s-midi, des nuages se montreront. Intemp\u00e9ries : on annonce des pluies \u00e9parses. Les maximales atteindront les 27\u00b0C tandis que les minimales seront de 24\u00b0C : c&rsquo;est donc un superbe \u00e9t\u00e9. Toujours de la grisaille demain soir. Les nuages vont s&rsquo;attarder. Des pluies \u00e9parses tomberont. Il va faire chaud avec des temp\u00e9ratures qui s&rsquo;\u00e9chelonneront entre 23 et 24\u00b0C. Une l\u00e9g\u00e8re brise de nord-ouest soufflera.<\/p>\n<p>Pour les jours suivants, le temps ne bougera pas. Il va faire un temps relativement ensoleill\u00e9 avec des temp\u00e9ratures avoisinant 26\u00b0C.<\/p>\n<p>Pour la f\u00eate des p\u00e8res, aujourd&rsquo;hui, n&rsquo;oubliez pas de souhaiter une agr\u00e9able f\u00eate \u00e0 tous papas.<\/p>\n","protected":false},"excerpt":{"rendered":"Nice va \u00eatre baign\u00e9e de soleil durant cette journ\u00e9e. Les temp\u00e9ratures seront de 25\u00b0C. Un vent de sud-est&hellip;\n","protected":false},"author":2,"featured_media":192165,"comment_status":"","ping_status":"","sticky":false,"template":"","format":"standard","meta":{"footnotes":""},"categories":[2819],"tags":[1111,11,2898,1777,674,1011,27,12,2401,883,2119,882,25],"class_list":{"0":"post-192164","1":"post","2":"type-post","3":"status-publish","4":"format-standard","5":"has-post-thumbnail","7":"category-nice","8":"tag-actu","9":"tag-actualites","10":"tag-alpes-maritimes","11":"tag-eu","12":"tag-europe","13":"tag-fr","14":"tag-france","15":"tag-news","16":"tag-nice","17":"tag-paca","18":"tag-previsions-meteo","19":"tag-provence-alpes-cote-dazur","20":"tag-republique-francaise"},"share_on_mastodon":{"url":"https:\/\/pubeurope.com\/@fr\/114718412891416665","error":""},"_links":{"self":[{"href":"https:\/\/www.europesays.com\/fr\/wp-json\/wp\/v2\/posts\/192164","targetHints":{"allow":["GET"]}}],"collection":[{"href":"https:\/\/www.europesays.com\/fr\/wp-json\/wp\/v2\/posts"}],"about":[{"href":"https:\/\/www.europesays.com\/fr\/wp-json\/wp\/v2\/types\/post"}],"author":[{"embeddable":true,"href":"https:\/\/www.europesays.com\/fr\/wp-json\/wp\/v2\/users\/2"}],"replies":[{"embeddable":true,"href":"https:\/\/www.europesays.com\/fr\/wp-json\/wp\/v2\/comments?post=192164"}],"version-history":[{"count":0,"href":"https:\/\/www.europesays.com\/fr\/wp-json\/wp\/v2\/posts\/192164\/revisions"}],"wp:featuredmedia":[{"embeddable":true,"href":"https:\/\/www.europesays.com\/fr\/wp-json\/wp\/v2\/media\/192165"}],"wp:attachment":[{"href":"https:\/\/www.europesays.com\/fr\/wp-json\/wp\/v2\/media?parent=192164"}],"wp:term":[{"taxonomy":"category","embeddable":true,"href":"https:\/\/www.europesays.com\/fr\/wp-json\/wp\/v2\/categories?post=192164"},{"taxonomy":"post_tag","embeddable":true,"href":"https:\/\/www.europesays.com\/fr\/wp-json\/wp\/v2\/tags?post=192164"}],"curies":[{"name":"wp","href":"https:\/\/api.w.org\/{rel}","templated":true}]}}