{"id":192179,"date":"2025-06-21T00:13:10","date_gmt":"2025-06-21T00:13:10","guid":{"rendered":"https:\/\/www.europesays.com\/fr\/192179\/"},"modified":"2025-06-21T00:13:10","modified_gmt":"2025-06-21T00:13:10","slug":"previsions-du-samedi-21-juin-2025-7","status":"publish","type":"post","link":"https:\/\/www.europesays.com\/fr\/192179\/","title":{"rendered":"pr\u00e9visions du samedi 21 juin 2025"},"content":{"rendered":"<p>Le soleil sera au rendez-vous \u00e0 Marseille : une magnifique journ\u00e9e se pr\u00e9sente ! Les temp\u00e9ratures tourneront autour des 26\u00b0C. Une brise de sud-est soufflera l\u00e9g\u00e8rement. Le matin, les valeurs afficheront entre 25 et 27\u00b0C, un temps bel et bien de saison. Ce sera un bel \u00e9t\u00e9 : les temp\u00e9ratures seront comprises entre 27 et 28\u00b0C l&rsquo;apr\u00e8s-midi. Il va faire chaud avec des valeurs qui s&rsquo;\u00e9chelonneront entre 25 et 26\u00b0C durant la soir\u00e9e. Durant la nuit de samedi \u00e0 dimanche, le ciel sera limpide.<\/p>\n<p>Demain, les Marseillais comme les touristes vont pouvoir b\u00e9n\u00e9ficier d&rsquo;un soleil radieux. Le mercure va baisser de quelques degr\u00e9s. Il va faire 25\u00b0C en moyenne. Un l\u00e9ger vent de sud-est sera ressenti par les habitants. Il fera en moyenne 26\u00b0C, le matin. Les maximales iront jusqu&rsquo;\u00e0 27\u00b0C dans l&rsquo;apr\u00e8s-midi et les minimales seront de 26\u00b0C : c&rsquo;est donc un superbe \u00e9t\u00e9. Les temp\u00e9ratures seront de 25\u00b0C au cours de la soir\u00e9e.<\/p>\n<p>Peu d&rsquo;\u00e9volutions pour la suite. Il fera 29\u00b0C en moyenne pour des journ\u00e9es avec un ciel ensoleill\u00e9.<\/p>\n<p>Aujourd&rsquo;hui, nous c\u00e9l\u00e9brons la f\u00eate des p\u00e8res : bonne f\u00eate \u00e0 tous papas !<\/p>\n","protected":false},"excerpt":{"rendered":"Le soleil sera au rendez-vous \u00e0 Marseille : une magnifique journ\u00e9e se pr\u00e9sente ! Les temp\u00e9ratures tourneront autour&hellip;\n","protected":false},"author":2,"featured_media":192180,"comment_status":"","ping_status":"","sticky":false,"template":"","format":"standard","meta":{"footnotes":""},"categories":[2814],"tags":[1111,11,1777,674,1011,27,884,12,2119,882,25],"class_list":{"0":"post-192179","1":"post","2":"type-post","3":"status-publish","4":"format-standard","5":"has-post-thumbnail","7":"category-marseille","8":"tag-actu","9":"tag-actualites","10":"tag-eu","11":"tag-europe","12":"tag-fr","13":"tag-france","14":"tag-marseille","15":"tag-news","16":"tag-previsions-meteo","17":"tag-provence-alpes-cote-dazur","18":"tag-republique-francaise"},"share_on_mastodon":{"url":"https:\/\/pubeurope.com\/@fr\/114718467972641688","error":""},"_links":{"self":[{"href":"https:\/\/www.europesays.com\/fr\/wp-json\/wp\/v2\/posts\/192179","targetHints":{"allow":["GET"]}}],"collection":[{"href":"https:\/\/www.europesays.com\/fr\/wp-json\/wp\/v2\/posts"}],"about":[{"href":"https:\/\/www.europesays.com\/fr\/wp-json\/wp\/v2\/types\/post"}],"author":[{"embeddable":true,"href":"https:\/\/www.europesays.com\/fr\/wp-json\/wp\/v2\/users\/2"}],"replies":[{"embeddable":true,"href":"https:\/\/www.europesays.com\/fr\/wp-json\/wp\/v2\/comments?post=192179"}],"version-history":[{"count":0,"href":"https:\/\/www.europesays.com\/fr\/wp-json\/wp\/v2\/posts\/192179\/revisions"}],"wp:featuredmedia":[{"embeddable":true,"href":"https:\/\/www.europesays.com\/fr\/wp-json\/wp\/v2\/media\/192180"}],"wp:attachment":[{"href":"https:\/\/www.europesays.com\/fr\/wp-json\/wp\/v2\/media?parent=192179"}],"wp:term":[{"taxonomy":"category","embeddable":true,"href":"https:\/\/www.europesays.com\/fr\/wp-json\/wp\/v2\/categories?post=192179"},{"taxonomy":"post_tag","embeddable":true,"href":"https:\/\/www.europesays.com\/fr\/wp-json\/wp\/v2\/tags?post=192179"}],"curies":[{"name":"wp","href":"https:\/\/api.w.org\/{rel}","templated":true}]}}