{"id":192183,"date":"2025-06-21T00:15:16","date_gmt":"2025-06-21T00:15:16","guid":{"rendered":"https:\/\/www.europesays.com\/fr\/192183\/"},"modified":"2025-06-21T00:15:16","modified_gmt":"2025-06-21T00:15:16","slug":"tiffany-joncour-pressentie-pour-mener-la-liste-rn","status":"publish","type":"post","link":"https:\/\/www.europesays.com\/fr\/192183\/","title":{"rendered":"Tiffany Joncour pressentie pour mener la liste RN"},"content":{"rendered":"<p>Si l\u2019on conna\u00eet d\u00e9sormais le nom de celui qui d\u00e9fendra les couleurs du camp national aux municipales de Lyon (le Ciottiste UDR Alexandre Humbert Dupalais a officialis\u00e9 sa candidature dans nos colonnes ce jeudi, avec le soutien potentiel du RN, de Reconqu\u00eate et d\u2019Identit\u00e9-Libert\u00e9s), on ignore encore qui bataillera \u00e0 l\u2019extr\u00eame droite aux \u00e9lections m\u00e9tropolitaines.<\/p>\n<p>\u00ab\u00a0C\u2019est trop t\u00f4t pour annoncer quoi que ce soit, \u00e9vacue la d\u00e9put\u00e9e et d\u00e9l\u00e9gu\u00e9e d\u00e9partementale RN du Rh\u00f4ne Tiffany Joncour. Les investitures ne seront officialis\u00e9es qu\u2019en septembre. Tout ce que je peux dire, c\u2019est qu\u2019il devrait s\u2019agir d\u2019une personnalit\u00e9 que vous connaissez.\u00a0\u00bb<\/p>\n<p>  \u00ab Il n\u2019y a pas vraiment de myst\u00e8re sur le fait qu\u2019elle va y aller \u00bb<\/p>\n<p>Voire\u2026 d\u2019une personnalit\u00e9 avec qui nous \u00e9tions alors en train de discuter\u00a0! Car, selon nos informations, c\u2019est Tiffany Joncour en personne qui est pressentie pour d\u00e9fendre les chances du parti \u00e0 la flamme lors des \u00e9lections m\u00e9tropolitaines pr\u00e9vues en mars prochain. L\u2019information a \u00e9t\u00e9 souffl\u00e9e au Progr\u00e8s par plusieurs membres du RN local. \u00ab\u00a0Il n\u2019y a pas vraiment de myst\u00e8re sur le fait qu\u2019elle va y aller, indique un militant. Elle veut faire entrer un groupe RN au conseil m\u00e9tropolitain.\u00a0\u00bb<\/p>\n","protected":false},"excerpt":{"rendered":"Si l\u2019on conna\u00eet d\u00e9sormais le nom de celui qui d\u00e9fendra les couleurs du camp national aux municipales de&hellip;\n","protected":false},"author":2,"featured_media":192184,"comment_status":"","ping_status":"","sticky":false,"template":"","format":"standard","meta":{"footnotes":""},"categories":[1889],"tags":[1111,11,2430,2757,1777,674,107,1011,27,2428,2756,12,316,1078,25,2429],"class_list":{"0":"post-192183","1":"post","2":"type-post","3":"status-publish","4":"format-standard","5":"has-post-thumbnail","7":"category-lyon","8":"tag-actu","9":"tag-actualites","10":"tag-auvergne-rhone-alpes","11":"tag-edition-lyon-villeurbanne","12":"tag-eu","13":"tag-europe","14":"tag-fil-info","15":"tag-fr","16":"tag-france","17":"tag-lyon","18":"tag-lyon-bassin","19":"tag-news","20":"tag-politique","21":"tag-rassemblement-national","22":"tag-republique-francaise","23":"tag-rhone"},"share_on_mastodon":{"url":"https:\/\/pubeurope.com\/@fr\/114718475737796496","error":""},"_links":{"self":[{"href":"https:\/\/www.europesays.com\/fr\/wp-json\/wp\/v2\/posts\/192183","targetHints":{"allow":["GET"]}}],"collection":[{"href":"https:\/\/www.europesays.com\/fr\/wp-json\/wp\/v2\/posts"}],"about":[{"href":"https:\/\/www.europesays.com\/fr\/wp-json\/wp\/v2\/types\/post"}],"author":[{"embeddable":true,"href":"https:\/\/www.europesays.com\/fr\/wp-json\/wp\/v2\/users\/2"}],"replies":[{"embeddable":true,"href":"https:\/\/www.europesays.com\/fr\/wp-json\/wp\/v2\/comments?post=192183"}],"version-history":[{"count":0,"href":"https:\/\/www.europesays.com\/fr\/wp-json\/wp\/v2\/posts\/192183\/revisions"}],"wp:featuredmedia":[{"embeddable":true,"href":"https:\/\/www.europesays.com\/fr\/wp-json\/wp\/v2\/media\/192184"}],"wp:attachment":[{"href":"https:\/\/www.europesays.com\/fr\/wp-json\/wp\/v2\/media?parent=192183"}],"wp:term":[{"taxonomy":"category","embeddable":true,"href":"https:\/\/www.europesays.com\/fr\/wp-json\/wp\/v2\/categories?post=192183"},{"taxonomy":"post_tag","embeddable":true,"href":"https:\/\/www.europesays.com\/fr\/wp-json\/wp\/v2\/tags?post=192183"}],"curies":[{"name":"wp","href":"https:\/\/api.w.org\/{rel}","templated":true}]}}