{"id":192197,"date":"2025-06-21T00:23:10","date_gmt":"2025-06-21T00:23:10","guid":{"rendered":"https:\/\/www.europesays.com\/fr\/192197\/"},"modified":"2025-06-21T00:23:10","modified_gmt":"2025-06-21T00:23:10","slug":"les-renseignements-ukrainiens-affirment-quun-soldat-russe-a-tue-et-mange-un-de-ses-camarades-2","status":"publish","type":"post","link":"https:\/\/www.europesays.com\/fr\/192197\/","title":{"rendered":"les renseignements ukrainiens affirment qu&rsquo;un soldat russe a tu\u00e9 et mang\u00e9 un de ses camarades"},"content":{"rendered":"<p><img decoding=\"async\" class=\"caas-img caas-lazy has-preview\" src=\"https:\/\/www.europesays.com\/fr\/wp-content\/uploads\/2025\/06\/2ea217e6757f2a931244ffba54d7fe22.jpeg\"\/><\/p>\n<p>Un soldat russe, d\u00e9ploy\u00e9 en Ukraine, aurait mang\u00e9 l&rsquo;un de ses camarades, d&rsquo;apr\u00e8s les <a href=\"https:\/\/fr.news.yahoo.com\/guerre-ukraine-au-moins-14-045918606.html\" data-ylk=\"slk:services de renseignement ukrainiens;elm:context_link;itc:0;sec:content-canvas;outcm:mb_qualified_link;_E:mb_qualified_link;ct:story;\" class=\"link  yahoo-link\" target=\"_blank\" rel=\"noopener\">services de renseignement ukrainiens<\/a>. Ce vendredi 20 juin, les renseignements ukrainiens ont diffus\u00e9 un enregistrement audio qu&rsquo;ils disent avoir intercept\u00e9, dans lequel les faits sont rapport\u00e9s, comme l&rsquo;ont rep\u00e9r\u00e9 nos confr\u00e8res de <a href=\"https:\/\/www.lindependant.fr\/2025\/06\/20\/guerre-en-ukraine-il-a-assassine-son-camarade-et-la-devore-pendant-deux-semaines-un-nouveau-cas-de-cannibalisme-chez-les-soldats-russes-12774525.php\" rel=\"nofollow noopener\" target=\"_blank\" data-ylk=\"slk:l&#039;Ind\u00e9pendant;elm:context_link;itc:0;sec:content-canvas\" class=\"link \">l&rsquo;Ind\u00e9pendant<\/a>.<\/p>\n<p>Dans cet enregistrement, il est expliqu\u00e9 qu&rsquo;un soldat russe nomm\u00e9 \u00ab\u00a0Brelok\u00a0\u00bb a tu\u00e9 puis mang\u00e9 un autre soldat nomm\u00e9 \u00ab\u00a0Foma\u00a0\u00bb. Les deux op\u00e9raient dans l&rsquo;est de l&rsquo;Ukraine.<\/p>\n<p>\u00ab\u00a0Brelok a mang\u00e9 Foma. Personne ne s&rsquo;est enfui. Brelok l&rsquo;a tu\u00e9, puis l&rsquo;a mang\u00e9 pendant deux semaines\u00a0\u00bb, est-il entendu dans l&rsquo;enregistrement, traduit et partag\u00e9 sur X par les services secrets ukrainiens.<\/p>\n<p>Plusieurs prisonniers russes lib\u00e9r\u00e9s<\/p>\n<p>Selon la m\u00eame source, ce \u00ab\u00a0Brelok\u00a0\u00bb a lui-m\u00eame \u00e9t\u00e9 retrouv\u00e9 mort.<\/p>\n<p>La Russie a lib\u00e9r\u00e9, \u00e0 plusieurs reprises, des prisonniers pour garnir ses rangs dans le cadre de la guerre en Ukraine. Parmi eux, <a href=\"https:\/\/fr.news.yahoo.com\/ukraine-dmitri-malyshev-condamn%C3%A9-%C3%A0-083505831.html\" data-ylk=\"slk:Dmitri Malyshev;elm:context_link;itc:0;sec:content-canvas;outcm:mb_qualified_link;_E:mb_qualified_link;ct:story;\" class=\"link  yahoo-link\" target=\"_blank\" rel=\"noopener\">Dmitri Malyshev<\/a>, un homme condamn\u00e9 \u00e0 25 ans de prison pour avoir tu\u00e9 et mang\u00e9 le coeur d&rsquo;un migrant tadjik. Il avait rejoint le front en 2023.<\/p>\n<p><a href=\"https:\/\/www.bfmtv.com\/international\/asie\/russie\/brelok-a-mange-foma-les-renseignements-ukrainiens-affirment-qu-un-soldat-russe-a-tue-et-mange-un-de-ses-camarades_AN-202506200773.html#xtor=AL-68\" rel=\"nofollow noopener\" target=\"_blank\" data-ylk=\"slk:Article original publi\u00e9 sur BFMTV.com;elm:context_link;itc:0;sec:content-canvas\" class=\"link \">Article original publi\u00e9 sur BFMTV.com<\/a><\/p>\n","protected":false},"excerpt":{"rendered":"Un soldat russe, d\u00e9ploy\u00e9 en Ukraine, aurait mang\u00e9 l&rsquo;un de ses camarades, d&rsquo;apr\u00e8s les services de renseignement ukrainiens.&hellip;\n","protected":false},"author":2,"featured_media":192198,"comment_status":"","ping_status":"","sticky":false,"template":"","format":"standard","meta":{"footnotes":""},"categories":[1591],"tags":[11,1887,33086,5493,33085,12,1885,1886,132,2049,220],"class_list":{"0":"post-192197","1":"post","2":"type-post","3":"status-publish","4":"format-standard","5":"has-post-thumbnail","7":"category-russie","8":"tag-actualites","9":"tag-federation-de-russie","10":"tag-foma","11":"tag-lukraine","12":"tag-mange","13":"tag-news","14":"tag-russia","15":"tag-russian-federation","16":"tag-russie","17":"tag-soldat","18":"tag-ukraine"},"share_on_mastodon":{"url":"https:\/\/pubeurope.com\/@fr\/114718507230563517","error":""},"_links":{"self":[{"href":"https:\/\/www.europesays.com\/fr\/wp-json\/wp\/v2\/posts\/192197","targetHints":{"allow":["GET"]}}],"collection":[{"href":"https:\/\/www.europesays.com\/fr\/wp-json\/wp\/v2\/posts"}],"about":[{"href":"https:\/\/www.europesays.com\/fr\/wp-json\/wp\/v2\/types\/post"}],"author":[{"embeddable":true,"href":"https:\/\/www.europesays.com\/fr\/wp-json\/wp\/v2\/users\/2"}],"replies":[{"embeddable":true,"href":"https:\/\/www.europesays.com\/fr\/wp-json\/wp\/v2\/comments?post=192197"}],"version-history":[{"count":0,"href":"https:\/\/www.europesays.com\/fr\/wp-json\/wp\/v2\/posts\/192197\/revisions"}],"wp:featuredmedia":[{"embeddable":true,"href":"https:\/\/www.europesays.com\/fr\/wp-json\/wp\/v2\/media\/192198"}],"wp:attachment":[{"href":"https:\/\/www.europesays.com\/fr\/wp-json\/wp\/v2\/media?parent=192197"}],"wp:term":[{"taxonomy":"category","embeddable":true,"href":"https:\/\/www.europesays.com\/fr\/wp-json\/wp\/v2\/categories?post=192197"},{"taxonomy":"post_tag","embeddable":true,"href":"https:\/\/www.europesays.com\/fr\/wp-json\/wp\/v2\/tags?post=192197"}],"curies":[{"name":"wp","href":"https:\/\/api.w.org\/{rel}","templated":true}]}}