{"id":192199,"date":"2025-06-21T00:24:12","date_gmt":"2025-06-21T00:24:12","guid":{"rendered":"https:\/\/www.europesays.com\/fr\/192199\/"},"modified":"2025-06-21T00:24:12","modified_gmt":"2025-06-21T00:24:12","slug":"poutine-nexclut-pas-de-semparer-de-la-ville-de-soumy","status":"publish","type":"post","link":"https:\/\/www.europesays.com\/fr\/192199\/","title":{"rendered":"Poutine n\u2019exclut pas de s\u2019emparer de la ville de Soumy"},"content":{"rendered":"<p>Vladimir Poutine a d\u00e9clar\u00e9 vendredi que Russes et Ukrainiens formaient un seul et m\u00eame peuple et que, \u00ab\u00a0en ce sens, l&rsquo;ensemble de l&rsquo;Ukraine nous appartient\u00a0\u00bb. Le pr\u00e9sident russe, qui s&rsquo;exprimait au forum \u00e9conomique de Saint-P\u00e9tersbourg, a aussi dit ne pas exclure que la Russie s&#8217;empare de la ville ukrainienne de Soumy.<\/p>\n<p>Interrog\u00e9 sur les buts de guerre de la Russie, Vladimir Poutine, qui pr\u00e9sente l&rsquo;invasion \u00e0 grande \u00e9chelle de l&rsquo;Ukraine comme une n\u00e9cessit\u00e9 pour pr\u00e9server la s\u00e9curit\u00e9 de son pays, a dit que l&rsquo;Ukraine avait le statut de \u00ab\u00a0pays neutre\u00a0\u00bb lors de son ind\u00e9pendance en 1991. \u00ab\u00a0Nous avons une expression, ou une parabole\u00a0\u00bb, a-t-il dit. \u00ab\u00a0Ce que foule le pied d&rsquo;un soldat russe nous appartient.\u00a0\u00bb<\/p>\n<p>Une zone tampon dans la r\u00e9gion de Soumy<\/p>\n<p>La Russie revendique quatre r\u00e9gions d&rsquo;Ukraine en partie conquises depuis 2022, en plus de la Crim\u00e9e annex\u00e9e en 2014, ce que rejettent Kiev et ses alli\u00e9s occidentaux. Le pr\u00e9sident ukrainien Volodymyr Zelensky a constamment rejet\u00e9 l&rsquo;id\u00e9e selon laquelle Russes et Ukrainiens formeraient un m\u00eame peuple.<\/p>\n<p>\u00c0 LIRE AUSSI <strong class=\"strong\"><a href=\"https:\/\/www.lepoint.fr\/monde\/kiev-cible-centrale-de-la-nouvelle-strategie-russe-en-ukraine-19-06-2025-2592456_24.php\" rel=\"nofollow noopener\" target=\"_blank\" data-ylk=\"slk:Kiev, cible centrale de la\u00a0nouvelle strat\u00e9gie russe en Ukraine;elm:context_link;itc:0;sec:content-canvas\" class=\"link \">Kiev, cible centrale de la\u00a0nouvelle strat\u00e9gie russe en Ukraine<\/a><\/strong><\/p>\n<p>Vladimir Poutine a aussi d\u00e9clar\u00e9 que l&rsquo;arm\u00e9e russe s&rsquo;effor\u00e7ait d&rsquo;\u00e9tablir une zone tampon dans la r\u00e9gion ukrainienne de Soumy, frontali\u00e8re de la Russie, et qu&rsquo;il n&rsquo;excluait pas qu&rsquo;elle s&#8217;empare de la capitale r\u00e9gionale du m\u00eame nom.<\/p>\n","protected":false},"excerpt":{"rendered":"Vladimir Poutine a d\u00e9clar\u00e9 vendredi que Russes et Ukrainiens formaient un seul et m\u00eame peuple et que, \u00ab\u00a0en&hellip;\n","protected":false},"author":2,"featured_media":192200,"comment_status":"","ping_status":"","sticky":false,"template":"","format":"standard","meta":{"footnotes":""},"categories":[1590],"tags":[11,1777,674,5493,2489,12,9044,220,135],"class_list":{"0":"post-192199","1":"post","2":"type-post","3":"status-publish","4":"format-standard","5":"has-post-thumbnail","7":"category-ukraine","8":"tag-actualites","9":"tag-eu","10":"tag-europe","11":"tag-lukraine","12":"tag-la-russie","13":"tag-news","14":"tag-soumy","15":"tag-ukraine","16":"tag-vladimir-poutine"},"share_on_mastodon":{"url":"https:\/\/pubeurope.com\/@fr\/114718511141439238","error":""},"_links":{"self":[{"href":"https:\/\/www.europesays.com\/fr\/wp-json\/wp\/v2\/posts\/192199","targetHints":{"allow":["GET"]}}],"collection":[{"href":"https:\/\/www.europesays.com\/fr\/wp-json\/wp\/v2\/posts"}],"about":[{"href":"https:\/\/www.europesays.com\/fr\/wp-json\/wp\/v2\/types\/post"}],"author":[{"embeddable":true,"href":"https:\/\/www.europesays.com\/fr\/wp-json\/wp\/v2\/users\/2"}],"replies":[{"embeddable":true,"href":"https:\/\/www.europesays.com\/fr\/wp-json\/wp\/v2\/comments?post=192199"}],"version-history":[{"count":0,"href":"https:\/\/www.europesays.com\/fr\/wp-json\/wp\/v2\/posts\/192199\/revisions"}],"wp:featuredmedia":[{"embeddable":true,"href":"https:\/\/www.europesays.com\/fr\/wp-json\/wp\/v2\/media\/192200"}],"wp:attachment":[{"href":"https:\/\/www.europesays.com\/fr\/wp-json\/wp\/v2\/media?parent=192199"}],"wp:term":[{"taxonomy":"category","embeddable":true,"href":"https:\/\/www.europesays.com\/fr\/wp-json\/wp\/v2\/categories?post=192199"},{"taxonomy":"post_tag","embeddable":true,"href":"https:\/\/www.europesays.com\/fr\/wp-json\/wp\/v2\/tags?post=192199"}],"curies":[{"name":"wp","href":"https:\/\/api.w.org\/{rel}","templated":true}]}}