{"id":192206,"date":"2025-06-21T00:28:16","date_gmt":"2025-06-21T00:28:16","guid":{"rendered":"https:\/\/www.europesays.com\/fr\/192206\/"},"modified":"2025-06-21T00:28:16","modified_gmt":"2025-06-21T00:28:16","slug":"whatsapp-attendra-2026-pour-afficher-des-publicites-en-europe","status":"publish","type":"post","link":"https:\/\/www.europesays.com\/fr\/192206\/","title":{"rendered":"WhatsApp attendra 2026 pour afficher des publicit\u00e9s en Europe"},"content":{"rendered":"<p><strong>WhatsApp <a href=\"https:\/\/kulturegeek.fr\/news-334713\/whatsapp-annonce-larrivee-publicites-application\" rel=\"nofollow noopener\" target=\"_blank\">a r\u00e9cemment annonc\u00e9<\/a> l\u2019arriv\u00e9e de publicit\u00e9s pour la fonction Statut au niveau de l\u2019onglet \u00ab Actus\u00bb, mais ce changement ne touchera pas l\u2019Europe avant 2026. Les autres r\u00e9gions l\u2019auront d\u00e8s 2025.<\/strong><\/p>\n<p><img loading=\"lazy\" decoding=\"async\" class=\"aligncenter size-large wp-image-334715\" src=\"https:\/\/www.europesays.com\/fr\/wp-content\/uploads\/2025\/06\/WhatsApp-Publicites-Statuts-Chaines-1024x576.jpg\" alt=\"WhatsApp Publicites Statuts Chaines\" width=\"1024\" height=\"576\"  \/><\/p>\n<p>Des publicit\u00e9s en 2026 sur WhatsApp en Europe<\/p>\n<p>Meta a d\u00e9voil\u00e9 de nouvelles fonctionnalit\u00e9s pour WhatsApp, incluant des publicit\u00e9s cibl\u00e9es pr\u00e9vues pour appara\u00eetre dans les mois \u00e0 venir \u00e0 l\u2019\u00e9chelle mondiale. Cependant, face aux inqui\u00e9tudes des organisations de protection des donn\u00e9es, notamment concernant l\u2019utilisation des pr\u00e9f\u00e9rences publicitaires et des informations provenant des comptes Facebook et Instagram li\u00e9s \u00e0 WhatsApp, le d\u00e9ploiement en Europe se fera plus tard. Le Data Protection Commission (DCP), le r\u00e9gulateur irlandais charg\u00e9 de faire respecter le r\u00e8glement g\u00e9n\u00e9ral sur la protection des donn\u00e9es (RGPD), a \u00e9t\u00e9 inform\u00e9 que ce mod\u00e8le publicitaire ne sera pas lanc\u00e9 dans l\u2019UE avant 2026.<\/p>\n<p>\u00ab Ce nouveau produit ne sera pas lanc\u00e9 sur le march\u00e9 europ\u00e9en avant 2026. WhatsApp nous en a inform\u00e9s et nous allons les rencontrer pour discuter davantage des \u00e9ventuels probl\u00e8mes \u00bb, a d\u00e9clar\u00e9 le commissaire Des Hogan du DCP. Il a ajout\u00e9 que le mod\u00e8le sera examin\u00e9 avec d\u2019autres autorit\u00e9s europ\u00e9ennes de protection des donn\u00e9es pour adresser les pr\u00e9occupations des r\u00e9gulateurs.<\/p>\n<p>Des pr\u00e9occupations sur la vie priv\u00e9e<\/p>\n<p>Meta insiste sur le fait que les nouvelles fonctionnalit\u00e9s sont con\u00e7ues \u00ab de la mani\u00e8re la plus respectueuse possible de la vie priv\u00e9e \u00bb, avec un partage de donn\u00e9es entre WhatsApp, Instagram et Facebook uniquement pour les utilisateurs ayant explicitement li\u00e9 leurs comptes. Cependant, cette int\u00e9gration multi-plateformes a imm\u00e9diatement suscit\u00e9 des inqui\u00e9tudes, notamment de la part d\u2019organisations comme NOYB, qui critiquent la consolidation du monopole de Meta sur les r\u00e9seaux sociaux.<\/p>\n<p>Un porte-parole de WhatsApp a confirm\u00e9 \u00e0 <a href=\"https:\/\/www.politico.eu\/article\/whatsapp-meta-ads-eu-facebook-instagram-2026\/\" rel=\"external nofollow noopener\" target=\"_blank\">Politico<\/a> que ce mod\u00e8le publicitaire est une \u00ab mise \u00e0 jour globale \u00bb d\u00e9ploy\u00e9e progressivement \u00e0 l\u2019\u00e9chelle mondiale. En dehors de l\u2019UE, les publicit\u00e9s dans l\u2019onglet \u00ab Actus \u00bb utiliseront des donn\u00e9es limit\u00e9es comme la ville, la langue ou les interactions avec les cha\u00eenes, sans acc\u00e9der aux messages priv\u00e9s, appels ou activit\u00e9s de groupe, qui restent chiffr\u00e9s de bout en bout.<\/p>\n<p>Un historique de tensions avec l\u2019UE<\/p>\n<p>Ce n\u2019est pas la premi\u00e8re fois que Meta fait face \u00e0 des obstacles en Europe. Le DPC a d\u00e9j\u00e0 retard\u00e9 le d\u00e9ploiement de technologies d\u2019intelligence artificielle de Meta en raison de pr\u00e9occupations similaires. En 2021 et 2023, WhatsApp a \u00e9cop\u00e9 d\u2019amendes de <a href=\"https:\/\/kulturegeek.fr\/news-237420\/whatsapp-amende-225-millions-euros-rgpd\" rel=\"nofollow noopener\" target=\"_blank\">225 millions<\/a> et <a href=\"https:\/\/kulturegeek.fr\/news-273205\/whatsapp-rgpd-meta-ecope-dune-amende-55-millions-deuros\" rel=\"nofollow noopener\" target=\"_blank\">5,5 millions d\u2019euros<\/a> pour des violations du RGPD, notamment sur la transparence et la base juridique de la collecte de donn\u00e9es. Ces ant\u00e9c\u00e9dents renforcent la vigilance des r\u00e9gulateurs europ\u00e9ens.<\/p>\n<p>Le commissaire Dale Sunderland a indiqu\u00e9 que les discussions avec WhatsApp sont encore \u00ab \u00e0 leurs d\u00e9buts \u00bb et qu\u2019il est trop t\u00f4t pour identifier des \u00ab lignes rouges \u00bb potentielles. Le DPC pr\u00e9voit de collaborer avec d\u2019autres autorit\u00e9s pour \u00e9valuer la conformit\u00e9 du mod\u00e8le publicitaire.<\/p>\n","protected":false},"excerpt":{"rendered":"WhatsApp a r\u00e9cemment annonc\u00e9 l\u2019arriv\u00e9e de publicit\u00e9s pour la fonction Statut au niveau de l\u2019onglet \u00ab Actus\u00bb, mais&hellip;\n","protected":false},"author":2,"featured_media":192207,"comment_status":"","ping_status":"","sticky":false,"template":"","format":"standard","meta":{"footnotes":""},"categories":[1586],"tags":[11,1777,674,1011,27,1069,12,1834,25,250],"class_list":{"0":"post-192206","1":"post","2":"type-post","3":"status-publish","4":"format-standard","5":"has-post-thumbnail","7":"category-europe","8":"tag-actualites","9":"tag-eu","10":"tag-europe","11":"tag-fr","12":"tag-france","13":"tag-messagerie","14":"tag-news","15":"tag-publicite","16":"tag-republique-francaise","17":"tag-whatsapp"},"share_on_mastodon":{"url":"https:\/\/pubeurope.com\/@fr\/114718526995843175","error":""},"_links":{"self":[{"href":"https:\/\/www.europesays.com\/fr\/wp-json\/wp\/v2\/posts\/192206","targetHints":{"allow":["GET"]}}],"collection":[{"href":"https:\/\/www.europesays.com\/fr\/wp-json\/wp\/v2\/posts"}],"about":[{"href":"https:\/\/www.europesays.com\/fr\/wp-json\/wp\/v2\/types\/post"}],"author":[{"embeddable":true,"href":"https:\/\/www.europesays.com\/fr\/wp-json\/wp\/v2\/users\/2"}],"replies":[{"embeddable":true,"href":"https:\/\/www.europesays.com\/fr\/wp-json\/wp\/v2\/comments?post=192206"}],"version-history":[{"count":0,"href":"https:\/\/www.europesays.com\/fr\/wp-json\/wp\/v2\/posts\/192206\/revisions"}],"wp:featuredmedia":[{"embeddable":true,"href":"https:\/\/www.europesays.com\/fr\/wp-json\/wp\/v2\/media\/192207"}],"wp:attachment":[{"href":"https:\/\/www.europesays.com\/fr\/wp-json\/wp\/v2\/media?parent=192206"}],"wp:term":[{"taxonomy":"category","embeddable":true,"href":"https:\/\/www.europesays.com\/fr\/wp-json\/wp\/v2\/categories?post=192206"},{"taxonomy":"post_tag","embeddable":true,"href":"https:\/\/www.europesays.com\/fr\/wp-json\/wp\/v2\/tags?post=192206"}],"curies":[{"name":"wp","href":"https:\/\/api.w.org\/{rel}","templated":true}]}}