{"id":192214,"date":"2025-06-21T00:32:10","date_gmt":"2025-06-21T00:32:10","guid":{"rendered":"https:\/\/www.europesays.com\/fr\/192214\/"},"modified":"2025-06-21T00:32:10","modified_gmt":"2025-06-21T00:32:10","slug":"france-la-ministre-de-la-culture-rachida-dati-intimide-les-journalistes-du-service-public","status":"publish","type":"post","link":"https:\/\/www.europesays.com\/fr\/192214\/","title":{"rendered":"France: la ministre de la Culture Rachida Dati intimide les journalistes du service public"},"content":{"rendered":"<p>\n                                                La ministre de la Culture Rachida Dati, ministre de tutelle de l&rsquo;audiovisuel public, joue de plus en plus du rapport de force avec les journalistes.                    <\/p>\n<p>La ministre de la Culture porte une r\u00e9forme de l&rsquo;audiovisuel public qui pr\u00e9voit de r\u00e9unir sous une m\u00eame holding France T\u00e9l\u00e9visions, Radio France et l&rsquo;Institut national de l&rsquo;audiovisuel. Alors que les syndicats de Radio France appellent \u00e0 la gr\u00e8ve sur ce projet le 26 juin, Rachida Dati exercent des intimidations verbales, voire des menaces sur des journalistes.<\/p>\n<p>On l&rsquo;a vu cette semaine dans l&rsquo;\u00e9mission C \u00e0 Vous,\u00a0sur France 5, o\u00f9 la ministre a mis en cause l&rsquo;intervieweur Patrick Cohen \u00e0 propos d&rsquo;un article de Mediapart \u00e9voquant un possible management toxique de sa part entre 2010 et 2017 quand il \u00e9tait \u00e0 France Inter, ce qui pourrait relever du harc\u00e8lement moral selon Mediapart. Elle a m\u00eame \u00e9voqu\u00e9 en direct la possibilit\u00e9 d&rsquo;engager des poursuites judiciaires contre ce journaliste sur la foi de ces t\u00e9moignages.\u00a0Des accusations contest\u00e9es par Patrick Cohen qui rappelle qu&rsquo;il n&rsquo;y a eu aucune proc\u00e9dure judiciaire, mais qui sont utiles \u00e0 la ministre pour retourner le projecteur quand des questions l&#8217;embarrassent.\u00a0<\/p>\n<p>Des questions qui ont \u00e0 voir avec l&rsquo;audiovisuel public. Car l&rsquo;\u00e9mission Compl\u00e9ment d&rsquo;enqu\u00eate a r\u00e9v\u00e9l\u00e9 sur France 2 il y a quinze jours, en partenariat avec Le Nouvel Obs, qu&rsquo;une deuxi\u00e8me affaire de corruption accable la ministre, d\u00e9j\u00e0 mise en examen pour corruption passive et trafic d&rsquo;influence apr\u00e8s avoir touch\u00e9 900 000 euros de Renault, \u00e9poque Carlos Ghosn, quand elle \u00e9tait d\u00e9put\u00e9e au Parlement europ\u00e9en.<\/p>\n<p>Cette fois, les journalistes r\u00e9v\u00e8lent un document comptable d&rsquo;un cabinet d&rsquo;avocat qui atteste de deux virements de GDF Suez de pr\u00e8s de 150 000 euros chacun qui seraient li\u00e9s \u00e0 ses prises de position sur des sujets gaziers au Parlement. Elle laisse entendre que tout cela rel\u00e8verait du m\u00eame dossier et de son travail d&rsquo;avocat. Et traite de \u00ab voyous \u00bb les journalistes de France 2 en les accusant d&rsquo;avoir voulu acheter des t\u00e9moignages dans sa famille au Maroc, ce que d\u00e9ment la cha\u00eene.<\/p>\n<p>La pr\u00e9sidente de France T\u00e9l\u00e9visions, Delphine Ernotte, d\u00e9fend ses journalistes. Sans ambigu\u00eft\u00e9, puisque France T\u00e9l\u00e9visions a apport\u00e9 son soutien \u00e0 C \u00e0 Vous et jug\u00e9 les mises en cause de ses journalistes \u00ab pas acceptables \u00bb. La soci\u00e9t\u00e9 des journalistes a de son c\u00f4t\u00e9 d\u00e9nonc\u00e9 des \u00ab intimidations \u00bb et des \u00ab pressions \u00bb. Il faut dire que Rachida Dati cache mal ses r\u00e9criminations vis-\u00e0-vis des patronnes de France T\u00e9l\u00e9 et de Radio France. Elle aurait promis d&rsquo;avoir le \u00ab scalp \u00bb de Delphine Ernotte, selon le Canard encha\u00een\u00e9, et accuse Sibyle Veil \u00e0 Radio France de caricaturer sa r\u00e9forme. De l\u00e0 \u00e0 ce que la prochaine loi vise \u00e0 les mettre au pas.<\/p>\n<p class=\"a-read-more\">\u00c0 lire aussi<a href=\"https:\/\/www.rfi.fr\/fr\/france\/20250401-france-l-examen-de-la-r%C3%A9forme-de-l-audiovisuel-public-suspendu-apr%C3%A8s-un-accrochage-avec-rachida-dati\" target=\"_self\" class=\"a-read-more__link\" rel=\"nofollow noopener\">France: l&rsquo;examen de la r\u00e9forme de l&rsquo;audiovisuel public suspendu apr\u00e8s un accrochage avec Rachida Dati<\/a><\/p>\n","protected":false},"excerpt":{"rendered":"La ministre de la Culture Rachida Dati, ministre de tutelle de l&rsquo;audiovisuel public, joue de plus en plus&hellip;\n","protected":false},"author":2,"featured_media":192215,"comment_status":"","ping_status":"","sticky":false,"template":"","format":"standard","meta":{"footnotes":""},"categories":[4],"tags":[11,17256,251,1011,27,9877,10402,500,12,13811,25],"class_list":{"0":"post-192214","1":"post","2":"type-post","3":"status-publish","4":"format-standard","5":"has-post-thumbnail","7":"category-france","8":"tag-actualites","9":"tag-chronique-des-medias","10":"tag-culture","11":"tag-fr","12":"tag-france","13":"tag-journalisme","14":"tag-liberte-de-la-presse","15":"tag-medias","16":"tag-news","17":"tag-politique-francaise","18":"tag-republique-francaise"},"share_on_mastodon":{"url":"https:\/\/pubeurope.com\/@fr\/114718542558836181","error":""},"_links":{"self":[{"href":"https:\/\/www.europesays.com\/fr\/wp-json\/wp\/v2\/posts\/192214","targetHints":{"allow":["GET"]}}],"collection":[{"href":"https:\/\/www.europesays.com\/fr\/wp-json\/wp\/v2\/posts"}],"about":[{"href":"https:\/\/www.europesays.com\/fr\/wp-json\/wp\/v2\/types\/post"}],"author":[{"embeddable":true,"href":"https:\/\/www.europesays.com\/fr\/wp-json\/wp\/v2\/users\/2"}],"replies":[{"embeddable":true,"href":"https:\/\/www.europesays.com\/fr\/wp-json\/wp\/v2\/comments?post=192214"}],"version-history":[{"count":0,"href":"https:\/\/www.europesays.com\/fr\/wp-json\/wp\/v2\/posts\/192214\/revisions"}],"wp:featuredmedia":[{"embeddable":true,"href":"https:\/\/www.europesays.com\/fr\/wp-json\/wp\/v2\/media\/192215"}],"wp:attachment":[{"href":"https:\/\/www.europesays.com\/fr\/wp-json\/wp\/v2\/media?parent=192214"}],"wp:term":[{"taxonomy":"category","embeddable":true,"href":"https:\/\/www.europesays.com\/fr\/wp-json\/wp\/v2\/categories?post=192214"},{"taxonomy":"post_tag","embeddable":true,"href":"https:\/\/www.europesays.com\/fr\/wp-json\/wp\/v2\/tags?post=192214"}],"curies":[{"name":"wp","href":"https:\/\/api.w.org\/{rel}","templated":true}]}}