{"id":192228,"date":"2025-06-21T00:42:11","date_gmt":"2025-06-21T00:42:11","guid":{"rendered":"https:\/\/www.europesays.com\/fr\/192228\/"},"modified":"2025-06-21T00:42:11","modified_gmt":"2025-06-21T00:42:11","slug":"quand-rihanna-mixe-une-robe-saint-laurent-et-des-baskets-puma-pour-aller-chercher-des-burgers","status":"publish","type":"post","link":"https:\/\/www.europesays.com\/fr\/192228\/","title":{"rendered":"Quand Rihanna mixe une robe Saint Laurent et des baskets Puma pour aller chercher des burgers"},"content":{"rendered":"<p>Bien enceinte de son troisi\u00e8me enfant, Rihanna a opt\u00e9 pour un look chic tout en restant confort pour aller chercher des burgers, ce 19 juin \u00e0 Los Angeles.<\/p>\n<p class=\"fig-paragraph\">Un look de maternit\u00e9 comme seule\u00a0<a href=\"https:\/\/madame.lefigaro.fr\/tag\/rihanna\" target=\"_blank\" rel=\"noopener\" data-gtm-custom-categorie=\"navigation\" data-gtm-custom-action=\"crossclick\" data-gtm-custom-label=\"Contextuel\" data-gtm-event=\"customEventSPE\">Rihanna<\/a>\u00a0les ma\u00eetrise. Enceinte de son troisi\u00e8me enfant, la chanteuse de 37 ans a donn\u00e9 une nouvelle le\u00e7on de style dans les rues de Los Angeles, ce jeudi 19 juin, alors qu\u2019elle \u00e9tait simplement partie pour chercher des burgers \u00e0 emporter.<\/p>\n<p class=\"fig-paragraph\">S\u2019il ne s\u2019agissait donc pas d\u2019une sortie publique ni mondaine, la future maman a tout de m\u00eame rev\u00eatu une maxi-robe bustier au style boh\u00e8me sign\u00e9e\u00a0<a href=\"https:\/\/madame.lefigaro.fr\/tag\/saint-laurent\" target=\"_blank\" rel=\"noopener\" data-gtm-custom-categorie=\"navigation\" data-gtm-custom-action=\"crossclick\" data-gtm-custom-label=\"Contextuel\" data-gtm-event=\"customEventSPE\">Saint Laurent<\/a>, l\u2019un de ses cr\u00e9ateurs f\u00e9tiche. Dans les tons espresso, la robe en coton laissait entrevoir son ventre d\u00e9j\u00e0 bien arrondi sous un d\u00e9collet\u00e9 \u00e0 volants.<\/p>\n<p class=\"fig-body-link&#10;    \">\n            \u00c0 lire aussi<br \/>\n        <a class=\"fig-body-link__link\" href=\"http:\/\/madame.lefigaro.fr\/celebrites\/actu-people\/sous-la-pluie-de-cannes-rihanna-enceinte-et-a-ap-rocky-ont-comme-un-air-de-meghan-et-harry-20250520\" data-fig-type=\"Article\" data-gtm-custom-categorie=\"navigation\" data-gtm-custom-action=\"crossclick\" data-gtm-custom-label=\"Contextuel\" data-gtm-event=\"customEventSPE\" data-fig-domain=\"MADAME\" target=\"_blank\" rel=\"noopener\">Sous la pluie de Cannes, Rihanna enceinte et A$AP Rocky, comme un air de Meghan et Harry<\/a>\n<\/p>\n<p class=\"fig-paragraph\">Comme pour rendre son look plus passe-partout, m\u00eame presque sportif, elle portait sa robe haute couture avec une paire de baskets Puma Speedcat couleur \u00abHaute Coffee-Frosted Ivory\u00bb, soit un beige aux accents ivoire et une casquette de baseball assortie. Pour garder une touche de chic \u00e0 son look, la chanteuse a toutefois conserv\u00e9 des accessoires ultra-luxueux, dont une montre Audemars Piguet Royal Oak en or rose, vendue au prix de 85.000 euros, et un sac en croco Schiaparelli.<\/p>\n<p>Grossesses styl\u00e9es<\/p>\n<p class=\"fig-paragraph\">Rihanna n\u2019a jamais \u00e9t\u00e9 le genre de femme \u00e0 abandonner son style et ses marques de cr\u00e9ateur favorites pendant ses grossesses. Au mois de mai dernier, la chanteuse avait d\u00e9voil\u00e9 sa grossesse pendant le\u00a0<a href=\"https:\/\/madame.lefigaro.fr\/tag\/met-gala\" target=\"_blank\" rel=\"noopener\" data-gtm-custom-categorie=\"navigation\" data-gtm-custom-action=\"crossclick\" data-gtm-custom-label=\"Contextuel\" data-gtm-event=\"customEventSPE\">Met Gala<\/a>\u00a0dans un crop top et une jupe gris sign\u00e9s Miu Miu.<\/p>\n<p class=\"fig-paragraph\">\u00c0 peine deux semaines plus tard, l\u2019interpr\u00e8te d\u2019Umbrella montait les marches \u00e0 Cannes dans une somptueuse robe moulante Ala\u00efa couleur turquoise, fendue sur le c\u00f4t\u00e9 et d\u00e9voilant son ventre rond.<\/p>\n","protected":false},"excerpt":{"rendered":"Bien enceinte de son troisi\u00e8me enfant, Rihanna a opt\u00e9 pour un look chic tout en restant confort pour&hellip;\n","protected":false},"author":2,"featured_media":192229,"comment_status":"","ping_status":"","sticky":false,"template":"","format":"standard","meta":{"footnotes":""},"categories":[1359],"tags":[998,988,972,1000,16694,58,59,1295,1294,638,1011,27,8136,16751,2425,977,985,33091,33092,973,5418,33089,1969,990,33090,996],"class_list":{"0":"post-192228","1":"post","2":"type-post","3":"status-publish","4":"format-standard","5":"has-post-thumbnail","7":"category-people","8":"tag-accessoire","9":"tag-actu-mode","10":"tag-celebrite","11":"tag-celebrites","12":"tag-defile","13":"tag-divertissement","14":"tag-entertainment","15":"tag-feminin","16":"tag-femme","17":"tag-figaro","18":"tag-fr","19":"tag-france","20":"tag-idee-look","21":"tag-look","22":"tag-luxe","23":"tag-madame","24":"tag-mode","25":"tag-mode-fashion","26":"tag-mode-style","27":"tag-people","28":"tag-rihanna","29":"tag-shopping-mode","30":"tag-style","31":"tag-tendance-mode","32":"tag-top-mode","33":"tag-vetement"},"share_on_mastodon":{"url":"https:\/\/pubeurope.com\/@fr\/114718582032584286","error":""},"_links":{"self":[{"href":"https:\/\/www.europesays.com\/fr\/wp-json\/wp\/v2\/posts\/192228","targetHints":{"allow":["GET"]}}],"collection":[{"href":"https:\/\/www.europesays.com\/fr\/wp-json\/wp\/v2\/posts"}],"about":[{"href":"https:\/\/www.europesays.com\/fr\/wp-json\/wp\/v2\/types\/post"}],"author":[{"embeddable":true,"href":"https:\/\/www.europesays.com\/fr\/wp-json\/wp\/v2\/users\/2"}],"replies":[{"embeddable":true,"href":"https:\/\/www.europesays.com\/fr\/wp-json\/wp\/v2\/comments?post=192228"}],"version-history":[{"count":0,"href":"https:\/\/www.europesays.com\/fr\/wp-json\/wp\/v2\/posts\/192228\/revisions"}],"wp:featuredmedia":[{"embeddable":true,"href":"https:\/\/www.europesays.com\/fr\/wp-json\/wp\/v2\/media\/192229"}],"wp:attachment":[{"href":"https:\/\/www.europesays.com\/fr\/wp-json\/wp\/v2\/media?parent=192228"}],"wp:term":[{"taxonomy":"category","embeddable":true,"href":"https:\/\/www.europesays.com\/fr\/wp-json\/wp\/v2\/categories?post=192228"},{"taxonomy":"post_tag","embeddable":true,"href":"https:\/\/www.europesays.com\/fr\/wp-json\/wp\/v2\/tags?post=192228"}],"curies":[{"name":"wp","href":"https:\/\/api.w.org\/{rel}","templated":true}]}}