{"id":192251,"date":"2025-06-21T00:54:12","date_gmt":"2025-06-21T00:54:12","guid":{"rendered":"https:\/\/www.europesays.com\/fr\/192251\/"},"modified":"2025-06-21T00:54:12","modified_gmt":"2025-06-21T00:54:12","slug":"reims-une-femme-voilee-porte-plainte-accusant-une-vingtaine-dindividus-de-lavoir-agressee-pour-son-foulard","status":"publish","type":"post","link":"https:\/\/www.europesays.com\/fr\/192251\/","title":{"rendered":"Reims\u00a0: une femme voil\u00e9e porte plainte, accusant une vingtaine d\u2019individus de l\u2019avoir agress\u00e9e pour son foulard"},"content":{"rendered":"<p class=\"paragraph text_align_left lp-f-body-02\">Un fait de violence \u00e0 <a href=\"https:\/\/www.leparisien.fr\/faits-divers\/on-a-une-cible-dans-le-dos-apres-la-mort-dhichem-dans-le-var-les-francais-dorigine-maghrebine-denoncent-un-climat-de-haine-04-06-2025-GT4INPI5DNF45LZCSQ3U2X26F4.php\" target=\"_self\" rel=\"nofollow noopener\">caract\u00e8re islamophobe<\/a> ? Une femme voil\u00e9e a \u00e9t\u00e9 agress\u00e9e physiquement ce jeudi soir par une vingtaine d\u2019individus dans le quartier Croix-Rouge \u00e0 Reims, dans la <a href=\"https:\/\/www.leparisien.fr\/marne-51\/\" target=\"_self\" rel=\"nofollow noopener\">Marne<\/a>, selon une information de <a href=\"https:\/\/www.franceinfo.fr\/faits-divers\/une-femme-voilee-agressee-par-une-vingtaine-d-individus-dans-le-quartier-croix-rouge-a-reims_7326105.html\" target=\"_self\" rel=\"nofollow noopener\">Franceinfo<\/a>. La victime a d\u00e9pos\u00e9 une plainte, a appris l\u2019AFP vendredi de source polici\u00e8re et aupr\u00e8s du parquet.<\/p>\n<p class=\"paragraph text_align_left lp-f-body-02\">Selon le r\u00e9cit des faits relat\u00e9 par la presse locale et l\u2019AFP, citant des sources polici\u00e8res, la victime de 20 ans a \u00e9t\u00e9 apostroph\u00e9e par un groupe de jeunes individus alors qu\u2019elle se rendait chez sa m\u00e8re. L\u2019un d\u2019eux, qui serait en litige avec la plaignante d\u2019apr\u00e8s <a href=\"https:\/\/france3-regions.franceinfo.fr\/grand-est\/marne\/reims\/une-jeune-femme-agressee-son-voile-arrache-ce-que-l-on-sait-3174648.html\" target=\"_self\" rel=\"nofollow noopener\">France 3<\/a>, se serait approch\u00e9 pour lui demander de retirer son voile, ce qu\u2019elle a refus\u00e9 de faire.<\/p>\n<p>Blessures au nez et \u00e0 la pommette<\/p>\n<p class=\"paragraph text_align_left lp-f-body-02\">Des <a href=\"https:\/\/www.leparisien.fr\/faits-divers\/on-a-une-cible-dans-le-dos-apres-la-mort-dhichem-dans-le-var-les-francais-dorigine-maghrebine-denoncent-un-climat-de-haine-04-06-2025-GT4INPI5DNF45LZCSQ3U2X26F4.php\" target=\"_self\" rel=\"nofollow noopener\">insultes islamophobes<\/a> auraient alors \u00e9t\u00e9 lanc\u00e9es en direction de la victime. L\u2019individu qui s\u2019\u00e9tait approch\u00e9 d\u2019elle lui aurait alors enlev\u00e9 son voile de force et ass\u00e9n\u00e9 plusieurs coups au visage, avant de quitter les lieux. La jeune femme est bless\u00e9e au nez et \u00e0 la pommette, mais son \u00e9tat n\u2019a pas n\u00e9cessit\u00e9 de transport \u00e0 l\u2019h\u00f4pital.<\/p>\n<p class=\"paragraph text_align_left lp-f-body-02\">Le procureur de Reims Fran\u00e7ois Schneider a d\u00e9clar\u00e9 vendredi apr\u00e8s-midi que la victime avait \u00e9t\u00e9 \u00ab frapp\u00e9e par un seul individu \u00bb, que les constations de ses blessures par une unit\u00e9 m\u00e9dico-judiciaire \u00e9taient en cours et une enqu\u00eate ouverte. Aucune interpellation n\u2019a encore eu lieu \u00e0 ce stade, a pr\u00e9cis\u00e9 le procureur, qui n\u2019a pas communiqu\u00e9 sur le motif de l\u2019incident pour le moment, ni sur le profil du ou des agresseurs pr\u00e9sum\u00e9s.<\/p>\n<p class=\"lp-card-podcast-highlighting__title  lp-f-subtitle-05\">La tuerie du Sofitel d\u2019Avignon (2\/2)<\/p>\n<p class=\"lp-card-podcast-highlighting__description lp-f-ui-05\">Crime story raconte chaque semaine les grandes affaires criminelles.<\/p>\n<p><a class=\"lp-card-podcast-highlighting__call-to-action\" data-page-type=\"HP\" data-block-name=\"podcast-highlight\">\u00c9couter<\/a><\/p>\n<p class=\"paragraph text_align_left lp-f-body-02\">Ce qui n\u2019a pas emp\u00each\u00e9 la sph\u00e8re politique de s\u2019emparer rapidement du sujet sur les r\u00e9seaux sociaux. \u00ab Quand les fachos islamophobes sont encourag\u00e9s depuis le gouvernement et les m\u00e9dias, la violence sexiste se d\u00e9cha\u00eene. \u00c7a suffit ! \u00bb, a notamment r\u00e9agi sur X le chef de file de la France insoumise <a href=\"https:\/\/www.leparisien.fr\/politique\/jean-luc-melenchon\/\" target=\"_self\" rel=\"nofollow noopener\">Jean-Luc M\u00e9lenchon<\/a>.<\/p>\n<blockquote class=\"twitter-tweet\">\n<p lang=\"fr\" dir=\"ltr\">Quand les fachos islamophobes sont encourag\u00e9s depuis le gouvernement et les m\u00e9dias, la violence sexiste se d\u00e9cha\u00eene. \u00c7a suffit ! <a href=\"https:\/\/t.co\/2tXOAEnkR6\" rel=\"nofollow\">https:\/\/t.co\/2tXOAEnkR6<\/a><\/p>\n<p>\u2014 Jean-Luc M\u00e9lenchon (@JLMelenchon) <a href=\"https:\/\/twitter.com\/JLMelenchon\/status\/1936061312452510148?ref_src=twsrc%5Etfw\" rel=\"nofollow noopener\" target=\"_blank\">June 20, 2025<\/a><\/p><\/blockquote>\n<p class=\"paragraph text_align_left lp-f-body-02\">\u00ab S\u2019ils sont confirm\u00e9s, ces faits sont inacceptables en tant qu\u2019ils portent atteinte \u00e0 l\u2019int\u00e9grit\u00e9 des personnes et \u00e0 la libert\u00e9 religieuse \u00bb, a r\u00e9agi la pr\u00e9fecture de la Marne dans un communiqu\u00e9 publi\u00e9 en fin d\u2019apr\u00e8s-midi. \u00ab Les services de l\u2019\u00c9tat ont pris attache avec les repr\u00e9sentants du culte musulman pour les assurer de l\u2019attention de l\u2019\u00c9tat et de la vigilance des forces de police et de gendarmerie \u00bb, a ajout\u00e9 la pr\u00e9fecture.<\/p>\n<p class=\"paragraph text_align_left lp-f-body-02\">Sollicit\u00e9, le maire de Reims Arnaud Robinet (Horizons) a refus\u00e9 de s\u2019exprimer sur cette agression pour le moment, \u00ab n\u2019ayant pas les conclusions de l\u2019enqu\u00eate \u00bb, a-t-il justifi\u00e9.<\/p>\n<p><script async src=\"https:\/\/platform.twitter.com\/widgets.js\" charset=\"utf-8\"><\/script><\/p>\n","protected":false},"excerpt":{"rendered":"Un fait de violence \u00e0 caract\u00e8re islamophobe ? Une femme voil\u00e9e a \u00e9t\u00e9 agress\u00e9e physiquement ce jeudi soir&hellip;\n","protected":false},"author":2,"featured_media":192252,"comment_status":"","ping_status":"","sticky":false,"template":"","format":"standard","meta":{"footnotes":""},"categories":[4],"tags":[11,459,118,1011,27,12,25],"class_list":{"0":"post-192251","1":"post","2":"type-post","3":"status-publish","4":"format-standard","5":"has-post-thumbnail","7":"category-france","8":"tag-actualites","9":"tag-departements-horsidfo","10":"tag-faits-divers","11":"tag-fr","12":"tag-france","13":"tag-news","14":"tag-republique-francaise"},"share_on_mastodon":{"url":"https:\/\/pubeurope.com\/@fr\/114718629141086594","error":""},"_links":{"self":[{"href":"https:\/\/www.europesays.com\/fr\/wp-json\/wp\/v2\/posts\/192251","targetHints":{"allow":["GET"]}}],"collection":[{"href":"https:\/\/www.europesays.com\/fr\/wp-json\/wp\/v2\/posts"}],"about":[{"href":"https:\/\/www.europesays.com\/fr\/wp-json\/wp\/v2\/types\/post"}],"author":[{"embeddable":true,"href":"https:\/\/www.europesays.com\/fr\/wp-json\/wp\/v2\/users\/2"}],"replies":[{"embeddable":true,"href":"https:\/\/www.europesays.com\/fr\/wp-json\/wp\/v2\/comments?post=192251"}],"version-history":[{"count":0,"href":"https:\/\/www.europesays.com\/fr\/wp-json\/wp\/v2\/posts\/192251\/revisions"}],"wp:featuredmedia":[{"embeddable":true,"href":"https:\/\/www.europesays.com\/fr\/wp-json\/wp\/v2\/media\/192252"}],"wp:attachment":[{"href":"https:\/\/www.europesays.com\/fr\/wp-json\/wp\/v2\/media?parent=192251"}],"wp:term":[{"taxonomy":"category","embeddable":true,"href":"https:\/\/www.europesays.com\/fr\/wp-json\/wp\/v2\/categories?post=192251"},{"taxonomy":"post_tag","embeddable":true,"href":"https:\/\/www.europesays.com\/fr\/wp-json\/wp\/v2\/tags?post=192251"}],"curies":[{"name":"wp","href":"https:\/\/api.w.org\/{rel}","templated":true}]}}