{"id":192267,"date":"2025-06-21T01:03:12","date_gmt":"2025-06-21T01:03:12","guid":{"rendered":"https:\/\/www.europesays.com\/fr\/192267\/"},"modified":"2025-06-21T01:03:12","modified_gmt":"2025-06-21T01:03:12","slug":"un-trafic-de-drogue-demantele-2-kilos-de-cocaine-47-armes-et-97-000e-saisis","status":"publish","type":"post","link":"https:\/\/www.europesays.com\/fr\/192267\/","title":{"rendered":"un trafic de drogue d\u00e9mantel\u00e9, 2 kilos de coca\u00efne, 47 armes et 97 000\u20ac saisis"},"content":{"rendered":"<p>            Par<br \/>\n        <strong><br \/>\n            <a href=\"https:\/\/actu.fr\/auteur\/lea-pippinato\" title=\"Consulter tous les articles de L\u00e9a Pippinato\" rel=\"nofollow noopener\" target=\"_blank\">L\u00e9a Pippinato<\/a><br \/>\n        <\/strong><\/p>\n<p>        Publi\u00e9 le<\/p>\n<p>            20 juin 2025 \u00e0 18h57        <\/p>\n<p>D\u00e9but juin, les <strong>policiers nationaux<\/strong> re\u00e7oivent un renseignement anonyme. Il d\u00e9signe deux hommes de 46 ans comme responsables de l\u2019approvisionnement d\u2019un point de deal situ\u00e9 aux Marels, \u00e0 Montpellier. Tous deux sont issus de la communaut\u00e9 gitane et r\u00e9sident dans la ville. La Bac (brigade anticriminalit\u00e9) et la brigade des stup\u00e9fiants du Service local de police judiciaire (SLPJ) sont saisies. Les enqu\u00eateurs placent les deux suspects sous surveillance discr\u00e8te.<\/p>\n<p>    <a href=\"https:\/\/www.google.com\/maps\/embed?pb=!1m18!1m12!1m3!1d23106.53565652367!2d3.8731775999999996!3d43.620761599999994!2m3!1f0!2f0!3f0!3m2!1i1024!2i768!4f13.1!3m3!1m2!1s0x12b6a5bd669594c3%3A0xbe3197f5469c672c!2sRue%20des%20Marels%2C%2034000!5e0!3m2!1sfr!2sfr!4v1750438034440!5m2!1sfr!2sfr\" title=\"Ouvrie le lien\" rel=\"nofollow noopener\" target=\"_blank\">Cliquez ici pour visualiser le contenu<\/a><\/p>\n<p>Premi\u00e8re interpellation \u00e0 La Chamberte<\/p>\n<p class=\" wall-content\"><strong>Ce lundi 16 juin 2025<\/strong>, les policiers suivent l\u2019un des quadrag\u00e9naires jusqu\u2019\u00e0 un box, dans le quartier de la Chamberte. Ils l\u2019interpellent alors qu\u2019il sort avec deux sacs. L\u2019un contient 75 grammes de coca\u00efne. L\u2019autre, environ <strong>73 000 euros en liquide<\/strong>. L\u2019homme est plac\u00e9 en garde \u00e0 vue. Les enqu\u00eateurs perquisitionnent son domicile. Ils y d\u00e9couvrent trois armes de poing et 31 fusils. Aucune de ces armes n\u2019est d\u00e9clar\u00e9e. Ils poursuivent les recherches au domicile de son p\u00e8re. Dans une cave, ils trouvent deux kilos de coca\u00efne. La drogue est estim\u00e9e \u00e0 120 000 euros. Ils saisissent aussi 11 fusils, deux armes de poing charg\u00e9es et plusieurs centaines de munitions de calibres vari\u00e9s. Le m\u00eame jour, les policiers se rendent sur le point de deal des Marels. Ils y arr\u00eatent un homme de 21 ans en possession de 500 euros, de la coca\u00efne, de l\u2019herbe et de la r\u00e9sine de cannabis. Il est plac\u00e9 en garde \u00e0 vue, puis rel\u00e2ch\u00e9 avec une convocation en justice (COPJ) pr\u00e9vue <strong>pour le 22 octobre 2025<\/strong>.<\/p>\n<p class=\" wall-content\">Le second quadrag\u00e9naire, absent de chez lui, fait \u00e0 son tour l\u2019objet d\u2019une perquisition. Les policiers trouvent <strong>24 000 euros en petites coupures<\/strong> \u00e0 son domicile. L\u2019homme, se sachant recherch\u00e9, se rend de lui-m\u00eame le 17 juin au commissariat central. Il est imm\u00e9diatement plac\u00e9 en garde \u00e0 vue. Les deux quadrag\u00e9naires ont \u00e9t\u00e9 d\u00e9f\u00e9r\u00e9s devant le parquet de Montpellier et pr\u00e9sent\u00e9s \u00e0 l\u2019audience des comparutions imm\u00e9diates, ce vendredi apr\u00e8s-midi.<\/p>\n<p class=\" wall-content\">Suivez toute l\u2019actualit\u00e9 de vos villes et m\u00e9dias favoris en vous inscrivant \u00e0 <a href=\"https:\/\/moncompte.actu.fr\" title=\"D\u00e9couvez Mon Actu\" rel=\"nofollow noopener\" data-trk=\"{&quot;cta&quot;:{&quot;action&quot;:&quot;https:\\\/\\\/moncompte.actu.fr&quot;,&quot;category&quot;:&quot;mon compte&quot;,&quot;from&quot;:&quot;article footer&quot;,&quot;name&quot;:&quot;Mon actu&quot;,&quot;type&quot;:&quot;cta&quot;}}\" target=\"_blank\">Mon Actu<\/a>.<\/p>\n","protected":false},"excerpt":{"rendered":"Par L\u00e9a Pippinato Publi\u00e9 le 20 juin 2025 \u00e0 18h57 D\u00e9but juin, les policiers nationaux re\u00e7oivent un renseignement&hellip;\n","protected":false},"author":2,"featured_media":192268,"comment_status":"","ping_status":"","sticky":false,"template":"","format":"standard","meta":{"footnotes":""},"categories":[9599],"tags":[1111,11,1052,1777,674,118,1011,27,2208,12,2680,1072,25],"class_list":{"0":"post-192267","1":"post","2":"type-post","3":"status-publish","4":"format-standard","5":"has-post-thumbnail","7":"category-montpellier","8":"tag-actu","9":"tag-actualites","10":"tag-drogue","11":"tag-eu","12":"tag-europe","13":"tag-faits-divers","14":"tag-fr","15":"tag-france","16":"tag-montpellier","17":"tag-news","18":"tag-occitanie","19":"tag-police","20":"tag-republique-francaise"},"share_on_mastodon":{"url":"https:\/\/pubeurope.com\/@fr\/114718664489864424","error":""},"_links":{"self":[{"href":"https:\/\/www.europesays.com\/fr\/wp-json\/wp\/v2\/posts\/192267","targetHints":{"allow":["GET"]}}],"collection":[{"href":"https:\/\/www.europesays.com\/fr\/wp-json\/wp\/v2\/posts"}],"about":[{"href":"https:\/\/www.europesays.com\/fr\/wp-json\/wp\/v2\/types\/post"}],"author":[{"embeddable":true,"href":"https:\/\/www.europesays.com\/fr\/wp-json\/wp\/v2\/users\/2"}],"replies":[{"embeddable":true,"href":"https:\/\/www.europesays.com\/fr\/wp-json\/wp\/v2\/comments?post=192267"}],"version-history":[{"count":0,"href":"https:\/\/www.europesays.com\/fr\/wp-json\/wp\/v2\/posts\/192267\/revisions"}],"wp:featuredmedia":[{"embeddable":true,"href":"https:\/\/www.europesays.com\/fr\/wp-json\/wp\/v2\/media\/192268"}],"wp:attachment":[{"href":"https:\/\/www.europesays.com\/fr\/wp-json\/wp\/v2\/media?parent=192267"}],"wp:term":[{"taxonomy":"category","embeddable":true,"href":"https:\/\/www.europesays.com\/fr\/wp-json\/wp\/v2\/categories?post=192267"},{"taxonomy":"post_tag","embeddable":true,"href":"https:\/\/www.europesays.com\/fr\/wp-json\/wp\/v2\/tags?post=192267"}],"curies":[{"name":"wp","href":"https:\/\/api.w.org\/{rel}","templated":true}]}}