{"id":192271,"date":"2025-06-21T01:10:22","date_gmt":"2025-06-21T01:10:22","guid":{"rendered":"https:\/\/www.europesays.com\/fr\/192271\/"},"modified":"2025-06-21T01:10:22","modified_gmt":"2025-06-21T01:10:22","slug":"un-air-beaucoup-plus-respirable-va-sinstaller-la-nuit-de-la-fete-de-la-musique","status":"publish","type":"post","link":"https:\/\/www.europesays.com\/fr\/192271\/","title":{"rendered":"un air \u00ab\u00a0beaucoup plus respirable\u00a0\u00bb va s&rsquo;installer la nuit de la F\u00eate de la musique"},"content":{"rendered":"<p>            Par<br \/>\n        <strong><br \/>\n            <a href=\"https:\/\/actu.fr\/auteur\/brian-legoff\" title=\"Consulter tous les articles de Brian Le Goff\" rel=\"nofollow noopener\" target=\"_blank\">Brian Le Goff<\/a><br \/>\n        <\/strong><\/p>\n<p>        Publi\u00e9 le<\/p>\n<p>            20 juin 2025 \u00e0 17h29        <\/p>\n<p>Ce <a href=\"https:\/\/actu.fr\/bretagne\/rennes_35238\/canicule-en-bretagne-la-region-va-connaitre-des-nuits-tropicales-c-est-quoi-ce-phenomene-intense_62797688.html\" rel=\"nofollow noopener\" target=\"_blank\">premier \u00e9pisode caniculaire de 2025 atteindra son paroxysme en Bretagne<\/a>, ce samedi 21\u00a0juin. Malgr\u00e9 un <strong>ciel voil\u00e9 et laiteux<\/strong>, les temp\u00e9ratures seront largement au-dessus des normales de saison avec <strong>23\u00a0\u00b0C a minima le matin<\/strong> \u00e0 <a href=\"https:\/\/actu.fr\/rennes\/\" rel=\"nofollow noopener\" target=\"_blank\">Rennes<\/a> et <a href=\"https:\/\/actu.fr\/le-pays-malouin\/\" rel=\"nofollow noopener\" target=\"_blank\">Saint-Malo<\/a>.<strong> \u00ab\u2009On va battre beaucoup de records de chaleur minimales<\/strong> pour un mois de juin\u2009\u00bb, pr\u00e9vient sans retenue S\u00e9bastien Decaux, de <a href=\"https:\/\/actu.fr\/le-pays-malouin\/\" rel=\"nofollow noopener\" target=\"_blank\">M\u00e9t\u00e9o Bretagne<\/a>. Le temps \u00e9touffant se poursuivra dans la journ\u00e9e avec <strong>37\u00a0\u00b0C annonc\u00e9s l\u2019apr\u00e8s-midi<\/strong>.<\/p>\n<p class=\" wall-content\">\n<p>La provenance du vent va changer de sens<\/p>\n<p class=\" wall-content\">C\u2019est dans ce climat que la soir\u00e9e de la <a href=\"https:\/\/actu.fr\/bretagne\/rennes_35238\/carte-que-faire-a-rennes-ce-week-end-notre-selection-d-idees-sorties-speciale-fete-de-la-musique_62783732.html\" rel=\"nofollow noopener\" target=\"_blank\">F\u00eate de la musique<\/a> d\u00e9butera avant que le <strong>vent autour de 40 \u00e0 45\u00a0km\/h<\/strong> ne tourne durant la soir\u00e9e.<\/p>\n<blockquote class=\"ac-article-quote wall-content\">\n<p>On va passer d&rsquo;un flux venu du sud-est, des terres o\u00f9 l&rsquo;air est plus chaud, \u00e0 un vent venu du sud-ouest, soit du golfe de Gascogne, qui apportera un air oc\u00e9anique un peu plus frais. Ce dernier va provoquer quelques rafales et ram\u00e8nera des valeurs beaucoup plus respirables. \u00c0 22h \u00e0 Rennes, il fera alors 27 \u00b0C, ce qui est encore chaud. Dans la nuit, \u00e7a baisse encore et on sera aux alentours de 17-18 \u00b0C le matin.<\/p>\n<p>    <strong>S\u00e9bastien Decaux<\/strong><br \/>\n        M\u00e9t\u00e9o Bretagne    <\/p><\/blockquote>\n<p class=\" wall-content\">Ainsi, la <strong>configuration m\u00e9t\u00e9o \u00e9volue<\/strong> la nuit de la F\u00eate de la musique. L\u2019air oc\u00e9anique chasse l\u2019air chaud vers l\u2019est.<\/p>\n<p>Les temp\u00e9ratures sous les 30\u00a0\u00b0C<\/p>\n<p class=\" wall-content\">Dimanche, il ne fera plus que 23\u00a0\u00b0C \u00e0 Saint-Malo en plein apr\u00e8s-midi. \u00ab\u2009Les \u00e9claircies sont dominantes. Il y aura un peu plus de nuages en allant vers le Finist\u00e8re et un <strong>vent mod\u00e9r\u00e9 de sud-ouest \u00e0 40\u00a0km\/h<\/strong>. \u00c0 <a href=\"https:\/\/actu.fr\/cote-brest\/\" rel=\"nofollow noopener\" target=\"_blank\">Brest<\/a>, il fera 21\u00a0\u00b0C. 24\u00a0\u00b0C \u00e0 <a href=\"https:\/\/actu.fr\/bretagne\/vannes_56260\" rel=\"nofollow noopener\" target=\"_blank\">Vannes<\/a>, 27\u00a0\u00b0C entre Rennes et <a href=\"https:\/\/actu.fr\/le-journal-de-vitre\/\" rel=\"nofollow noopener\" target=\"_blank\">Vitr\u00e9<\/a>\u2009\u00bb, abonde S\u00e9bastien Decaux.<\/p>\n<p>Vid\u00e9os : en ce moment sur Actu<\/p>\n<p class=\" wall-content\"><strong>Lundi, le ciel sera nuageux<\/strong> le matin. <strong>Quelques gouttes<\/strong> pourraient faire leur apparition, mais ce ne sera vraiment pas assez pour combler le d\u00e9ficit de pluie\u2009: \u00ab\u2009il ne faut pas s\u2019attendre \u00e0 grand-chose.\u2009\u00bb Du c\u00f4t\u00e9 des temp\u00e9ratures, il fera<strong> 14-15\u00a0\u00b0C sur la Bretagne en matin\u00e9e<\/strong>. L\u2019apr\u00e8s-midi, les \u00e9claircies devraient \u00eatre assez belles, m\u00eame s\u2019il est pr\u00e9vu un peu plus de nuages sur le Finist\u00e8re et les c\u00f4tes de la Manche.<\/p>\n<p class=\" wall-content\"><strong>Mardi, ce sera variable<\/strong> avec un temps plut\u00f4t estival entre nuages et \u00e9claircies sans exc\u00e8s.<\/p>\n<p class=\" wall-content\"><strong>Mercredi, une potentielle tendance orageuse<\/strong> pourrait se distinguer avec un temps assez lourd et une chaleur probablement plus marqu\u00e9e sur la <a href=\"https:\/\/actu.fr\/bretagne\/\" rel=\"nofollow noopener\" target=\"_blank\">Bretagne<\/a>, avec 30\u00a0\u00b0C attendus \u00e0 Rennes. <strong>\u00ab\u2009Une averse, un petit coup de tonnerre ne sont pas \u00e0 exclure en soir\u00e9e<\/strong> m\u00eame si la fiabilit\u00e9 des mod\u00e8les m\u00e9t\u00e9o doit encore se v\u00e9rifier d\u2019ici l\u00e0.\u2009\u00bb<\/p>\n<p>Rebelote le week-end prochain\u2009?<\/p>\n<p class=\" wall-content\"><strong>Jeudi et vendredi,<\/strong> l\u00e0 encore, les <strong>pr\u00e9visions<\/strong> m\u00e9t\u00e9o devront s\u2019affiner. Il sera question d\u2019un temps variable autour de <strong>23-24\u00a0\u00b0C<\/strong>, \u00ab\u2009mais cela doit \u00eatre pris avec des pincettes\u2009\u00bb.<\/p>\n<p class=\" wall-content\">Pour le week-end suivant, <strong>de plus en plus de signaux laissent penser que le temps sera anticyclonique<\/strong> avec de nouveau une chaleur intense.<\/p>\n<p class=\" wall-content\">Suivez toute l\u2019actualit\u00e9 de vos villes et m\u00e9dias favoris en vous inscrivant \u00e0 <a href=\"https:\/\/moncompte.actu.fr\" title=\"D\u00e9couvez Mon Actu\" rel=\"nofollow noopener\" data-trk=\"{&quot;cta&quot;:{&quot;action&quot;:&quot;https:\\\/\\\/moncompte.actu.fr&quot;,&quot;category&quot;:&quot;mon compte&quot;,&quot;from&quot;:&quot;article footer&quot;,&quot;name&quot;:&quot;Mon actu&quot;,&quot;type&quot;:&quot;cta&quot;}}\" target=\"_blank\">Mon Actu<\/a>.<\/p>\n","protected":false},"excerpt":{"rendered":"Par Brian Le Goff Publi\u00e9 le 20 juin 2025 \u00e0 17h29 Ce premier \u00e9pisode caniculaire de 2025 atteindra&hellip;\n","protected":false},"author":2,"featured_media":192272,"comment_status":"","ping_status":"","sticky":false,"template":"","format":"standard","meta":{"footnotes":""},"categories":[2821],"tags":[1111,11,829,1777,674,1011,27,2487,12,584,25],"class_list":{"0":"post-192271","1":"post","2":"type-post","3":"status-publish","4":"format-standard","5":"has-post-thumbnail","7":"category-rennes","8":"tag-actu","9":"tag-actualites","10":"tag-bretagne","11":"tag-eu","12":"tag-europe","13":"tag-fr","14":"tag-france","15":"tag-meteo","16":"tag-news","17":"tag-rennes","18":"tag-republique-francaise"},"share_on_mastodon":{"url":"https:\/\/pubeurope.com\/@fr\/114718692254227697","error":""},"_links":{"self":[{"href":"https:\/\/www.europesays.com\/fr\/wp-json\/wp\/v2\/posts\/192271","targetHints":{"allow":["GET"]}}],"collection":[{"href":"https:\/\/www.europesays.com\/fr\/wp-json\/wp\/v2\/posts"}],"about":[{"href":"https:\/\/www.europesays.com\/fr\/wp-json\/wp\/v2\/types\/post"}],"author":[{"embeddable":true,"href":"https:\/\/www.europesays.com\/fr\/wp-json\/wp\/v2\/users\/2"}],"replies":[{"embeddable":true,"href":"https:\/\/www.europesays.com\/fr\/wp-json\/wp\/v2\/comments?post=192271"}],"version-history":[{"count":0,"href":"https:\/\/www.europesays.com\/fr\/wp-json\/wp\/v2\/posts\/192271\/revisions"}],"wp:featuredmedia":[{"embeddable":true,"href":"https:\/\/www.europesays.com\/fr\/wp-json\/wp\/v2\/media\/192272"}],"wp:attachment":[{"href":"https:\/\/www.europesays.com\/fr\/wp-json\/wp\/v2\/media?parent=192271"}],"wp:term":[{"taxonomy":"category","embeddable":true,"href":"https:\/\/www.europesays.com\/fr\/wp-json\/wp\/v2\/categories?post=192271"},{"taxonomy":"post_tag","embeddable":true,"href":"https:\/\/www.europesays.com\/fr\/wp-json\/wp\/v2\/tags?post=192271"}],"curies":[{"name":"wp","href":"https:\/\/api.w.org\/{rel}","templated":true}]}}