{"id":192273,"date":"2025-06-21T01:11:39","date_gmt":"2025-06-21T01:11:39","guid":{"rendered":"https:\/\/www.europesays.com\/fr\/192273\/"},"modified":"2025-06-21T01:11:39","modified_gmt":"2025-06-21T01:11:39","slug":"que-faire-ce-samedi-21-juin","status":"publish","type":"post","link":"https:\/\/www.europesays.com\/fr\/192273\/","title":{"rendered":"Que faire ce samedi 21 juin ?"},"content":{"rendered":"<p><strong>Demandez le programme\u00a0! &#8211; Electro, rock, musique du monde ou rap\u2026 \u00ab\u00a020 Minutes\u00a0\u00bb vous pr\u00e9pare une compilation de concerts qui pourrait vous plaire \u00e0 Rennes<\/strong><\/p>\n<p>La <a href=\"https:\/\/www.20minutes.fr\/dossier\/fete_de_la_musique?at_medium=RSS%20feed&amp;at_campaign=ynews&amp;utm_source=yahoo&amp;utm_medium=rss&amp;utm_campaign=news_feed&amp;utm_content=in_article_link\" rel=\"nofollow noopener\" target=\"_blank\" data-ylk=\"slk:F\u00eate de la Musique;elm:context_link;itc:0;sec:content-canvas\" class=\"link \">F\u00eate de la Musique<\/a> s\u2019annonce chaude. Pour c\u00e9l\u00e9brer l\u2019entr\u00e9e dans l\u2019\u00e9t\u00e9, <a href=\"https:\/\/www.20minutes.fr\/rennes\/?at_medium=RSS%20feed&amp;at_campaign=ynews&amp;utm_source=yahoo&amp;utm_medium=rss&amp;utm_campaign=news_feed&amp;utm_content=in_article_link\" rel=\"nofollow noopener\" target=\"_blank\" data-ylk=\"slk:Rennes;elm:context_link;itc:0;sec:content-canvas\" class=\"link \">Rennes <\/a>va danser sous une temp\u00e9rature ressentie qui pourrait <a href=\"https:\/\/www.20minutes.fr\/societe\/4159251-20250618-vague-chaleur-attendue-france-confirmee-pic-samedi?at_medium=RSS%20feed&amp;at_campaign=ynews&amp;utm_source=yahoo&amp;utm_medium=rss&amp;utm_campaign=news_feed&amp;utm_content=in_article_link\" rel=\"nofollow noopener\" target=\"_blank\" data-ylk=\"slk:atteindre les 38 degr\u00e9s \u00e0 l\u2019ombre;elm:context_link;itc:0;sec:content-canvas\" class=\"link \">atteindre les 38 degr\u00e9s \u00e0 l\u2019ombre<\/a>. La premi\u00e8re mission de ce samedi, ce sera donc de se mettre \u00e0 l\u2019ombre et de se prot\u00e9ger. Et puis de se laisser porter au gr\u00e9 des fanfares et des petites brises d\u2019air. Pour vous aider dans votre parcours, 20 Minutes a concoct\u00e9 une petite playlist des lieux de Rennes et de ses environs o\u00f9 la musique va r\u00e9sonner. On notera au passage que les deux lignes de m\u00e9tro <a href=\"https:\/\/www.star.fr\/actualites\/fete-de-la-musique?at_medium=RSS%20feed&amp;at_campaign=ynews&amp;utm_source=yahoo&amp;utm_medium=rss&amp;utm_campaign=news_feed&amp;utm_content=in_article_link\" rel=\"nofollow noopener\" target=\"_blank\" data-ylk=\"slk:circuleront toute la nuit;elm:context_link;itc:0;sec:content-canvas\" class=\"link \">circuleront toute la nuit<\/a>.<\/p>\n<p>Pour se mettre au frais<img decoding=\"async\" class=\"caas-img caas-lazy has-preview\" alt=\"null\" src=\"https:\/\/www.europesays.com\/fr\/wp-content\/uploads\/2025\/06\/1c1e030dd34681dc3843f9b72d9e31e3.jpeg\"\/><\/p>\n<p>null<\/p>\n<p>Ce sera sans doute un spot tr\u00e8s pris\u00e9. Mais avec ses 10 hectares, le parc du Thabor devrait pouvoir accueillir bon nombre de curieux. La programmation de la sc\u00e8ne <a href=\"https:\/\/www.20minutes.fr\/rennes\/4109705-20240912-rennes-laisse-empreinte-scene-concert-dediee-simon-carpentier?at_medium=RSS%20feed&amp;at_campaign=ynews&amp;utm_source=yahoo&amp;utm_medium=rss&amp;utm_campaign=news_feed&amp;utm_content=in_article_link\" rel=\"nofollow noopener\" target=\"_blank\" data-ylk=\"slk:qui porte le nom de Simon Carpentier;elm:context_link;itc:0;sec:content-canvas\" class=\"link \">qui porte le nom de Simon Carpentier <\/a>a \u00e9t\u00e9 confi\u00e9e aux \u00e9quipes du Jardin Moderne pour une soir\u00e9e plut\u00f4t branch\u00e9e rock. Vous pourrez y applaudir le groupe de garage Pale Shadow and the Shades, le trio rock instrumental Saros, le stoner de Caduta Massi puis la pop rock 100\u00a0% f\u00e9minine de Tris and the Soap Horrifique.<\/p>\n<p><strong>Ce samedi, parc du Thabor, de 16\u00a0heures \u00e0 20\u00a0heures.<\/strong><\/p>\n<p>Pour s\u2019ambiancer et faire la f\u00eate<img decoding=\"async\" class=\"caas-img caas-lazy has-preview\" alt=\"null\" src=\"https:\/\/www.europesays.com\/fr\/wp-content\/uploads\/2025\/06\/b6310fce90365db7b5182dfca79f2573.jpeg\"\/><\/p>\n<p>null<\/p>\n<p>Il f\u00eate ses dix ans cette ann\u00e9e. Et quand on voit ce qu\u2019il est devenu, on se dit que le mail Mitterrand a su se cr\u00e9er une identit\u00e9. Adieu le grand parking, bonjour les terrasses arbor\u00e9es. Ce samedi, le mail accueillera un paquet de concerts. A commencer par la sc\u00e8ne de La Piste, devenue l\u2019un des lieux pris\u00e9s pour voir l\u2019\u00e9mergence de la sc\u00e8ne lo(&#8230;)<\/p>\n<p><a href=\"https:\/\/www.20minutes.fr\/rennes\/4159326-20250620-fete-musique-rennes-faire-samedi-21-juin?at_medium=RSS%20feed&amp;at_campaign=ynews&amp;utm_source=yahoo&amp;utm_medium=rss&amp;utm_campaign=news_feed&amp;utm_content=read_more_link&quot;\" rel=\"nofollow noopener\" target=\"_blank\" data-ylk=\"slk:Lire la suite sur 20minutes;elm:context_link;itc:0;sec:content-canvas\" class=\"link \">Lire la suite sur 20minutes<\/a><\/p>\n<p>\u00c0 lire aussi :<br \/><a href=\"https:\/\/www.20minutes.fr\/societe\/4159195-20250619-hellfest-2025-abandonner-tee-shirt-noir-cause-chaleur-hors-question-festivaliers?at_medium=RSS%20feed&amp;at_campaign=ynews&amp;utm_source=yahoo&amp;utm_medium=rss&amp;utm_campaign=news_feed&amp;utm_content=related_content_link\" rel=\"nofollow noopener\" target=\"_blank\" data-ylk=\"slk:Hellfest 2025\u00a0: Abandonner le tee-shirt noir \u00e0 cause de la chaleur\u00a0? \u00ab\u00a0C&#039;est hors de question\u00a0\u00bb pour les festivaliers;elm:context_link;itc:0;sec:content-canvas\" class=\"link \">Hellfest 2025\u00a0: Abandonner le tee-shirt noir \u00e0 cause de la chaleur\u00a0? \u00ab\u00a0C&rsquo;est hors de question\u00a0\u00bb pour les festivaliers<\/a><br \/><a href=\"https:\/\/www.20minutes.fr\/tempo\/bien-etre\/4159174-20250618-top-10-villes-plus-agreables-monde-2025-compte-aucune-cite-francaise?at_medium=RSS%20feed&amp;at_campaign=ynews&amp;utm_source=yahoo&amp;utm_medium=rss&amp;utm_campaign=news_feed&amp;utm_content=related_content_link\" rel=\"nofollow noopener\" target=\"_blank\" data-ylk=\"slk:Le top 10 des villes les \u00ab\u00a0plus agr\u00e9ables du monde\u00a0\u00bb en\u00a02025 ne compte aucune cit\u00e9 fran\u00e7aise;elm:context_link;itc:0;sec:content-canvas\" class=\"link \">Le top 10 des villes les \u00ab\u00a0plus agr\u00e9ables du monde\u00a0\u00bb en\u00a02025 ne compte aucune cit\u00e9 fran\u00e7aise<\/a><\/p>\n","protected":false},"excerpt":{"rendered":"Demandez le programme\u00a0! &#8211; Electro, rock, musique du monde ou rap\u2026 \u00ab\u00a020 Minutes\u00a0\u00bb vous pr\u00e9pare une compilation de&hellip;\n","protected":false},"author":2,"featured_media":192274,"comment_status":"","ping_status":"","sticky":false,"template":"","format":"standard","meta":{"footnotes":""},"categories":[2821],"tags":[642,1111,11,829,33097,1777,674,25885,1011,27,3878,12,584,25,33098],"class_list":{"0":"post-192273","1":"post","2":"type-post","3":"status-publish","4":"format-standard","5":"has-post-thumbnail","7":"category-rennes","8":"tag-20-minutes","9":"tag-actu","10":"tag-actualites","11":"tag-bretagne","12":"tag-demandez-le-programme","13":"tag-eu","14":"tag-europe","15":"tag-fete-de-la-musique","16":"tag-fr","17":"tag-france","18":"tag-musique-du-monde","19":"tag-news","20":"tag-rennes","21":"tag-republique-francaise","22":"tag-simon-carpentier"},"share_on_mastodon":{"url":"https:\/\/pubeurope.com\/@fr\/114718696085715129","error":""},"_links":{"self":[{"href":"https:\/\/www.europesays.com\/fr\/wp-json\/wp\/v2\/posts\/192273","targetHints":{"allow":["GET"]}}],"collection":[{"href":"https:\/\/www.europesays.com\/fr\/wp-json\/wp\/v2\/posts"}],"about":[{"href":"https:\/\/www.europesays.com\/fr\/wp-json\/wp\/v2\/types\/post"}],"author":[{"embeddable":true,"href":"https:\/\/www.europesays.com\/fr\/wp-json\/wp\/v2\/users\/2"}],"replies":[{"embeddable":true,"href":"https:\/\/www.europesays.com\/fr\/wp-json\/wp\/v2\/comments?post=192273"}],"version-history":[{"count":0,"href":"https:\/\/www.europesays.com\/fr\/wp-json\/wp\/v2\/posts\/192273\/revisions"}],"wp:featuredmedia":[{"embeddable":true,"href":"https:\/\/www.europesays.com\/fr\/wp-json\/wp\/v2\/media\/192274"}],"wp:attachment":[{"href":"https:\/\/www.europesays.com\/fr\/wp-json\/wp\/v2\/media?parent=192273"}],"wp:term":[{"taxonomy":"category","embeddable":true,"href":"https:\/\/www.europesays.com\/fr\/wp-json\/wp\/v2\/categories?post=192273"},{"taxonomy":"post_tag","embeddable":true,"href":"https:\/\/www.europesays.com\/fr\/wp-json\/wp\/v2\/tags?post=192273"}],"curies":[{"name":"wp","href":"https:\/\/api.w.org\/{rel}","templated":true}]}}