{"id":192275,"date":"2025-06-21T01:12:15","date_gmt":"2025-06-21T01:12:15","guid":{"rendered":"https:\/\/www.europesays.com\/fr\/192275\/"},"modified":"2025-06-21T01:12:15","modified_gmt":"2025-06-21T01:12:15","slug":"vous-pouvez-utiliser-waze-avec-la-voix-dun-groupe-de-rock-alsacien","status":"publish","type":"post","link":"https:\/\/www.europesays.com\/fr\/192275\/","title":{"rendered":"vous pouvez utiliser Waze avec la voix d\u2019un groupe de rock alsacien !"},"content":{"rendered":"<p>    <img loading=\"lazy\" width=\"1800\" height=\"900\" src=\"https:\/\/www.europesays.com\/fr\/wp-content\/uploads\/2025\/04\/jeanne-callthepolice.jpg\" class=\"attachment-full size-full\" alt=\"\" id=\"imageLove\" decoding=\"async\"  \/><\/p>\n<p id=\"breadcrumbs\"><a href=\"https:\/\/pokaa.fr\/\" target=\"_blank\" rel=\"noopener\">Accueil<\/a> \/ <a href=\"https:\/\/pokaa.fr\/categories\/actu\/\" target=\"_blank\" rel=\"noopener\">Info locale<\/a> \/ GPS insolite : vous pouvez utiliser Waze avec la voix d\u2019un groupe de rock alsacien !<\/p>\n<p>                    Info locale<\/p>\n<p><b>Depuis le d\u00e9but du mois de juin, les Strasbourgeois(es) peuvent profiter de trajets automobiles anim\u00e9s, avec un GPS alsacien. En effet, il est d\u00e9sormais possible d\u2019avoir la voix du groupe de rock Kansas of Elsass pour trouver son chemin, sur l\u2019application Waze.<\/b><\/p>\n<p class=\"p1\">Peter Jackson r\u00e9alisait en 2003 Le Retour du Roi ; en 2025, c\u2019est le retour du K. Apr\u00e8s \u00eatre revenu l\u2019an dernier sur le devant de la sc\u00e8ne alsacienne suite \u00e0 10 ans d\u2019absence et de silence radio, <b>le groupe de rock s\u2019invite d\u00e9sormais dans les voitures des Strasbourgeois(es) et des Alsacien(ne)s<\/b>.<\/p>\n<p>                <a href=\"https:\/\/pokaa.fr\/2024\/02\/15\/rocknroll-kansas-of-elsass-signe-son-retour-sur-scene-apres-10-ans-dabsence\/\" target=\"_blank\" rel=\"noopener\"><br \/>\n                    <img width=\"450\" height=\"270\" src=\"https:\/\/www.europesays.com\/fr\/wp-content\/uploads\/2025\/06\/e3f20418-3de4-4bd5-895c-b52a168841a3-450x270.jpeg\" class=\"attachment-card-horizontal--same-subject size-card-horizontal--same-subject wp-post-image\" alt=\"Kansas Of Elsass\" decoding=\"async\" loading=\"lazy\"\/>                <\/a><\/p>\n<p>Une nouvelle corde \u00e0 rajouter \u00e0 l\u2019arc du l\u00e9gendaire Kansas of Elsass, <b>qui s\u2019est fait conna\u00eetre en 2003, \u00e0 l\u2019essor d\u2019Internet, avec ses vid\u00e9os parodiques en VA, pour version alsacienne<\/b> : Rambo, Maytrix reloatet, Star drek ou la trilogie du Seigneur des Blaireaux\u2026 L\u2019influence de Kansas d\u00e9passe les fronti\u00e8res et, d\u00e9sormais, la voix du K pourra accompagner qui le souhaite sur son GPS.<\/p>\n<p>    <img width=\"800\" height=\"450\" src=\"https:\/\/www.europesays.com\/fr\/wp-content\/uploads\/2025\/06\/83f2b427-a0c5-4870-a5ae-55f49e5f4a96-800x450.jpeg\" class=\"attachment-image-size-L size-image-size-L\" alt=\"Kansas Of Elsass\" decoding=\"async\" loading=\"lazy\"  \/>         \u00a9 Kansas Of Elsass \/ Document remis <\/p>\n<p>La voix de Kansas of Elsass sur Waze<\/p>\n<p class=\"p1\">Le 5 juin dernier, <a href=\"https:\/\/www.facebook.com\/kansasofelsass\/posts\/pfbid0wUV5EWssSC9PTZxys35keuXmHEYzFffu63WsZnHhktf2HsSAxQVBRPWNh5UaMQNtl\" target=\"_blank\" rel=\"noopener\">le groupe publiait sur sa page Facebook<\/a> le fait qu\u2019il \u00e9tait d\u00e9sormais possible d\u2019avoir la voix de Kansas of Elsass sur l\u2019application Waze, qui sert de GPS. Pour le dire autrement : <b>Christian Gyss peut d\u00e9sormais vous guider dans tous vos trajets en voiture<\/b>. De quoi rendre les bouchons un peu plus sympathiques.<\/p>\n<p class=\"p1\">Pour ce faire, <a href=\"https:\/\/www.waze.com\/ul?acvp=DF7673B9-2F61-49ED-BBE3-0CFD44B13566&amp;fbclid=IwY2xjawLA-jhleHRuA2FlbQIxMQBicmlkETFnU21oR1V5cFJaOXJ0cDdDAR7getUlxfnw3lv69BqkjUkgWjpp4vvpJGvw0f6HQBgCVFzUjs2drOQkF5_bOQ_aem_1oPlMZAu5UgOyxDKbvKF0Q\" target=\"_blank\" rel=\"noopener\">il suffit de prendre son t\u00e9l\u00e9phone et de suivre ce lien<\/a>, pour installer la voix sur l\u2019application. Attention cependant : <b>si cela ne fonctionne pas tout de suite, il faut d\u00e9sinstaller puis r\u00e9installer Waze, et ensuite cliquer \u00e0 nouveau sur le lien<\/b>. Vous \u00eates d\u00e9sormais pr\u00eat(e)s pour un voyage inoubliable. Hop, c\u2019est parti !<\/p>\n<p>    <img width=\"800\" height=\"355\" src=\"https:\/\/www.europesays.com\/fr\/wp-content\/uploads\/2025\/06\/img-9622-800x355.jpg\" class=\"attachment-image-size-L size-image-size-L\" alt=\"kansas of elsass Waze\" decoding=\"async\" loading=\"lazy\"  \/>         \u00a9 Waze \/ Capture d&rsquo;\u00e9cran <\/p>\n","protected":false},"excerpt":{"rendered":"Accueil \/ Info locale \/ GPS insolite : vous pouvez utiliser Waze avec la voix d\u2019un groupe de&hellip;\n","protected":false},"author":2,"featured_media":192276,"comment_status":"","ping_status":"","sticky":false,"template":"","format":"standard","meta":{"footnotes":""},"categories":[2820],"tags":[1111,11,1777,674,1011,27,775,33099,12,25,640,2595],"class_list":{"0":"post-192275","1":"post","2":"type-post","3":"status-publish","4":"format-standard","5":"has-post-thumbnail","7":"category-strasbourg","8":"tag-actu","9":"tag-actualites","10":"tag-eu","11":"tag-europe","12":"tag-fr","13":"tag-france","14":"tag-grand-est","15":"tag-kansas-of-elsass","16":"tag-news","17":"tag-republique-francaise","18":"tag-strasbourg","19":"tag-waze"},"share_on_mastodon":{"url":"https:\/\/pubeurope.com\/@fr\/114718700127738398","error":""},"_links":{"self":[{"href":"https:\/\/www.europesays.com\/fr\/wp-json\/wp\/v2\/posts\/192275","targetHints":{"allow":["GET"]}}],"collection":[{"href":"https:\/\/www.europesays.com\/fr\/wp-json\/wp\/v2\/posts"}],"about":[{"href":"https:\/\/www.europesays.com\/fr\/wp-json\/wp\/v2\/types\/post"}],"author":[{"embeddable":true,"href":"https:\/\/www.europesays.com\/fr\/wp-json\/wp\/v2\/users\/2"}],"replies":[{"embeddable":true,"href":"https:\/\/www.europesays.com\/fr\/wp-json\/wp\/v2\/comments?post=192275"}],"version-history":[{"count":0,"href":"https:\/\/www.europesays.com\/fr\/wp-json\/wp\/v2\/posts\/192275\/revisions"}],"wp:featuredmedia":[{"embeddable":true,"href":"https:\/\/www.europesays.com\/fr\/wp-json\/wp\/v2\/media\/192276"}],"wp:attachment":[{"href":"https:\/\/www.europesays.com\/fr\/wp-json\/wp\/v2\/media?parent=192275"}],"wp:term":[{"taxonomy":"category","embeddable":true,"href":"https:\/\/www.europesays.com\/fr\/wp-json\/wp\/v2\/categories?post=192275"},{"taxonomy":"post_tag","embeddable":true,"href":"https:\/\/www.europesays.com\/fr\/wp-json\/wp\/v2\/tags?post=192275"}],"curies":[{"name":"wp","href":"https:\/\/api.w.org\/{rel}","templated":true}]}}