{"id":192277,"date":"2025-06-21T01:13:11","date_gmt":"2025-06-21T01:13:11","guid":{"rendered":"https:\/\/www.europesays.com\/fr\/192277\/"},"modified":"2025-06-21T01:13:11","modified_gmt":"2025-06-21T01:13:11","slug":"sweeney-todd-de-sondheim-met-strasbourg-a-lheure-de-broadway","status":"publish","type":"post","link":"https:\/\/www.europesays.com\/fr\/192277\/","title":{"rendered":"\u201cSweeney Todd\u201d de Sondheim met Strasbourg \u00e0 l\u2019heure de Broadway"},"content":{"rendered":"<p>Apr\u00e8s \u201cWest Side Story\u201d en 2022, Barrie Kosky revient \u00e0 l\u2019Op\u00e9ra national du Rhin faire un sort au cultissime musical de Stephen Sondheim, pr\u00e9cipitant un plateau vocal h\u00e9t\u00e9rog\u00e8ne mais enthousiasmant dans les affres de Fleet Street.<\/p>\n<p><img decoding=\"async\" src=\"https:\/\/www.europesays.com\/fr\/wp-content\/uploads\/2025\/06\/s.t.gp-4511web-615x410.jpg\" alt=\"\u201cSweeney Todd\u201d de Sondheim \u00e0 Strasbourg\" class=\"pinit-here\"\/><\/p>\n<p>\u00a9 Klara Beck<\/p>\n<ul class=\"lists_legend\">\n<li class=\"active\">\n<p>\u201cSweeney Todd\u201d de Sondheim \u00e0 Strasbourg<\/p>\n<\/li>\n<li class=\"\">\n<p>\u201cSweeney Todd\u201d de Sondheim \u00e0 Strasbourg<\/p>\n<\/li>\n<li class=\"\">\n<p>\u201cSweeney Todd\u201d de Sondheim \u00e0 Strasbourg<\/p>\n<\/li>\n<li class=\"\">\n<p>\u201cSweeney Todd\u201d de Sondheim \u00e0 Strasbourg<\/p>\n<\/li>\n<li class=\"\">\n<p>\u201cSweeney Todd\u201d de Sondheim \u00e0 Strasbourg<\/p>\n<\/li>\n<li class=\"\">\n<p>\u201cSweeney Todd\u201d de Sondheim \u00e0 Strasbourg<\/p>\n<\/li>\n<li class=\"\">\n<p>\u201cSweeney Todd\u201d de Sondheim \u00e0 Strasbourg<\/p>\n<\/li>\n<li class=\"\">\n<p>\u201cSweeney Todd\u201d de Sondheim \u00e0 Strasbourg<\/p>\n<\/li>\n<li class=\"\">\n<p>\u201cSweeney Todd\u201d de Sondheim \u00e0 Strasbourg<\/p>\n<\/li>\n<li class=\"\">\n<p>\u201cSweeney Todd\u201d de Sondheim \u00e0 Strasbourg<\/p>\n<\/li>\n<li class=\"\">\n<p>\u201cSweeney Todd\u201d de Sondheim \u00e0 Strasbourg<\/p>\n<\/li>\n<li class=\"\">\n<p>\u201cSweeney Todd\u201d de Sondheim \u00e0 Strasbourg<\/p>\n<\/li>\n<li class=\"\">\n<p>\u201cSweeney Todd\u201d de Sondheim \u00e0 Strasbourg<\/p>\n<\/li>\n<li class=\"\">\n<p>\u201cSweeney Todd\u201d de Sondheim \u00e0 Strasbourg<\/p>\n<\/li>\n<\/ul>\n<p style=\"text-align: left;\" align=\"justify\">Du Fleet Street de penny dreadful victorien il ne reste rien ou presque. Exit le coupe-gorge \u00e0 la Dickens, le gothique dont s\u2019\u00e9tait empar\u00e9 Tim Burton\u2026 Si le metteur en sc\u00e8ne \u00e9voque dans les notes de programme l\u2019Angleterre des ann\u00e9es Thatcher et le Berlin des ann\u00e9es 1930, difficile en r\u00e9alit\u00e9 de d\u00e9celer un quelconque ancrage temporel ou g\u00e9ographique dans cette soci\u00e9t\u00e9 priv\u00e9e de rep\u00e8re, dont le d\u00e9senchantement perce \u00e0 travers les d\u00e9cors imagin\u00e9s par <strong>Katrin Lea Tag<\/strong>. Plong\u00e9s dans la grisaille post-moderne, le diabolique barbier Sweeney Todd et sa complice Mrs. Lovett tiennent un macabre commerce : lui fait parler ses rasoirs, d\u00e9cid\u00e9 \u00e0 se venger de la bonne soci\u00e9t\u00e9 londonienne et du juge Turpin qui, quinze ans auparavant, le condamna injustement \u00e0 l\u2019exil ; elle, pragmatique, saisit l\u2019opportunit\u00e9 de cette abondance inesp\u00e9r\u00e9e de chair fra\u00eeche pour relancer son affaire de tourtes \u00e0 la viande. Juteux business.<\/p>\n<p>  Intelligence, efficacit\u00e9  <\/p>\n<p style=\"text-align: left;\" align=\"justify\">Au fantasque du livret con\u00e7u par <strong>Hugh Wheeler<\/strong> r\u00e9pond donc l\u2019univers doucement barr\u00e9 d\u2019un <strong>Barrie Kosky<\/strong> pass\u00e9 ma\u00eetre dans l\u2019art du d\u00e9calage, du contraste, de l\u2019insolite. Et, surtout, du divertissement ! Un divertissement l\u00e9ch\u00e9 dans ses moindres d\u00e9tails, pas d\u00e9monstratif pour un sou voire plut\u00f4t sobre, qui se paye m\u00eame le luxe de pr\u00eater \u00e0 la virtuosit\u00e9 les atours de la simplicit\u00e9. Mais ne nous y trompons pas : derri\u00e8re la l\u00e9g\u00e8ret\u00e9 et l\u2019impertinence se dissimule une m\u00e9canique parfaitement rod\u00e9e \u2013 fluidit\u00e9 des transitions, direction d\u2019acteur au cordeau, rythme de la sc\u00e8ne qui toujours \u00e9pouse celui de la fosse\u2026 Redoutable d\u2019efficacit\u00e9 et d\u2019intelligence musicale, la qualit\u00e9 de la r\u00e9alisation compense donc en partie la relative sagesse d\u2019un Kosky qu\u2019on a connu plus d\u00e9jant\u00e9, ici davantage en ma\u00eetrise qu\u2019en prise de risque. D\u2019aucuns regretteront en outre une proposition sans tiroirs dissimul\u00e9s, ni ce second niveau de lecture qu\u2019autorise pourtant la pi\u00e8ce originale de Christopher Bond \u2013 f\u00e9roce satire sociale dans laquelle puise Sondheim.<\/p>\n<p>\t\t\t\t Jour nouveau  <\/p>\n<p style=\"text-align: left;\" align=\"justify\">Purs produits de la com\u00e9die musicale et grands noms du r\u00e9pertoire lyrique partagent l\u2019affiche, sans que cette diversit\u00e9 n\u2019empi\u00e8te sur la coh\u00e9rence du plateau. Entre les deux <strong>Natalie Dessay<\/strong>, d\u00e9finitivement reconvertie dans le musical et pas piqu\u00e9e des hannetons en in\u00e9narrable Mrs. Lovett, d\u00e9montre une gouaille irr\u00e9sistible, y compris lorsque \u00e7\u00e0 et l\u00e0 p\u00e2lit l\u2019accent cockney. Et si les aigus \u2013 faute d\u2019un belting assez pouss\u00e9 dans le haut de la tessiture \u2013 manquent encore un peu de chair, quel plaisir de d\u00e9couvrir sous un jour nouveau ces bas m\u00e9diums d\u00e9licieusement poitrin\u00e9s par la soprano qui sait comme nulle autre communier avec le public le plaisir de la sc\u00e8ne et de la prise de r\u00f4le \u2013 vivement Follies l\u2019ann\u00e9e prochaine\u00a0! Pour lui donner la r\u00e9plique, le Sweeney de <strong>Scott Hendricks<\/strong> s&rsquo;appuie sur un baryton g\u00e9n\u00e9reux, tour \u00e0 tour explosif ou \u00e9lanc\u00e9, qui fera passer sur une posture quelquefois gueularde, au contraire du salace juge Turpin camp\u00e9 par <strong>Zachary Altman<\/strong>, tout en vice rentr\u00e9 et en lutte int\u00e9rieure dans \u00ab\u00a0Johanna (Mea Culpa)\u00a0\u00bb. Cette derni\u00e8re peut compter sur une touchante <strong>Marie Oppert\u00a0<\/strong>: timbre solaire, incarnation lumineuse, la pensionnaire de la Com\u00e9die-Fran\u00e7aise rayonne \u00e0 travers la morosit\u00e9 ambiante. Tirent \u00e9galement leur \u00e9pingle du jeu la truculente Mendiante de <strong>Jasmine Roy<\/strong>\u00a0et le tendre Anthony de <strong>Noah Harrison<\/strong>, sans oublier un Ch\u0153ur maison irr\u00e9prochable.<\/p>\n<p style=\"text-align: left;\" align=\"justify\">A la baguette, <strong>Bassem Akiki<\/strong> coordonne tout ce beau monde de main de ma\u00eetre, mais peine parfois \u00e0 d\u00e9ployer tout le luxe de la partition : oblig\u00e9 de lutter contre une amplification envahissante et d\u00e9sagr\u00e9able, l\u2019Orchestre philharmonique de Strasbourg se voit r\u00e9duit \u00e0 la portion congrue avant que l\u2019\u00e9quilibre des micros ne s\u2019ajuste apr\u00e8s l\u2019entracte. Menu d\u00e9tail qui ne d\u00e9tournera pas d\u2019un spectacle sans faiblesse.<\/p>\n<p style=\"text-align: left;\" align=\"justify\"><strong>Sweeney Todd de Sondheim. Strasbourg, Op\u00e9ra national du Rhin, le 17 juin. Repr\u00e9sentations jusqu\u2019au 24 juin, puis les 5 et 6 juillet \u00e0 Mulhouse.<\/strong><\/p>\n","protected":false},"excerpt":{"rendered":"Apr\u00e8s \u201cWest Side Story\u201d en 2022, Barrie Kosky revient \u00e0 l\u2019Op\u00e9ra national du Rhin faire un sort au&hellip;\n","protected":false},"author":2,"featured_media":192278,"comment_status":"","ping_status":"","sticky":false,"template":"","format":"standard","meta":{"footnotes":""},"categories":[2820],"tags":[1111,11,1777,674,1011,27,775,1638,12,25,640],"class_list":{"0":"post-192277","1":"post","2":"type-post","3":"status-publish","4":"format-standard","5":"has-post-thumbnail","7":"category-strasbourg","8":"tag-actu","9":"tag-actualites","10":"tag-eu","11":"tag-europe","12":"tag-fr","13":"tag-france","14":"tag-grand-est","15":"tag-has_diapo","16":"tag-news","17":"tag-republique-francaise","18":"tag-strasbourg"},"share_on_mastodon":{"url":"https:\/\/pubeurope.com\/@fr\/114718703881324837","error":""},"_links":{"self":[{"href":"https:\/\/www.europesays.com\/fr\/wp-json\/wp\/v2\/posts\/192277","targetHints":{"allow":["GET"]}}],"collection":[{"href":"https:\/\/www.europesays.com\/fr\/wp-json\/wp\/v2\/posts"}],"about":[{"href":"https:\/\/www.europesays.com\/fr\/wp-json\/wp\/v2\/types\/post"}],"author":[{"embeddable":true,"href":"https:\/\/www.europesays.com\/fr\/wp-json\/wp\/v2\/users\/2"}],"replies":[{"embeddable":true,"href":"https:\/\/www.europesays.com\/fr\/wp-json\/wp\/v2\/comments?post=192277"}],"version-history":[{"count":0,"href":"https:\/\/www.europesays.com\/fr\/wp-json\/wp\/v2\/posts\/192277\/revisions"}],"wp:featuredmedia":[{"embeddable":true,"href":"https:\/\/www.europesays.com\/fr\/wp-json\/wp\/v2\/media\/192278"}],"wp:attachment":[{"href":"https:\/\/www.europesays.com\/fr\/wp-json\/wp\/v2\/media?parent=192277"}],"wp:term":[{"taxonomy":"category","embeddable":true,"href":"https:\/\/www.europesays.com\/fr\/wp-json\/wp\/v2\/categories?post=192277"},{"taxonomy":"post_tag","embeddable":true,"href":"https:\/\/www.europesays.com\/fr\/wp-json\/wp\/v2\/tags?post=192277"}],"curies":[{"name":"wp","href":"https:\/\/api.w.org\/{rel}","templated":true}]}}