{"id":192279,"date":"2025-06-21T01:14:11","date_gmt":"2025-06-21T01:14:11","guid":{"rendered":"https:\/\/www.europesays.com\/fr\/192279\/"},"modified":"2025-06-21T01:14:11","modified_gmt":"2025-06-21T01:14:11","slug":"le-maire-de-cette-commune-pres-de-nice-voulait-empecher-linstallation-dune-antenne-relais-la-justice-lui-donne-tort","status":"publish","type":"post","link":"https:\/\/www.europesays.com\/fr\/192279\/","title":{"rendered":"Le maire de cette commune pr\u00e8s de Nice voulait emp\u00eacher l\u2019installation d\u2019une antenne-relais, la justice lui donne tort"},"content":{"rendered":"<p>En mars de l\u2019ann\u00e9e derni\u00e8re, le maire de Saint-Andr\u00e9-de-la-Roche Jean-Jacques Carlin a d\u00e9cid\u00e9 de refuser \u00e0 la soci\u00e9t\u00e9 Free Mobile (1) l\u2019autorisation de se raccorder au r\u00e9seau \u00e9lectrique communal pour assurer l\u2019alimentation de la station relais de t\u00e9l\u00e9phonie mobile qu\u2019elle souhaite implanter sur un terrain de la commune.<\/p>\n<p>Saisi par la soci\u00e9t\u00e9, le juge des r\u00e9f\u00e9r\u00e9s du tribunal administratif de Nice avait donn\u00e9 raison au maire en mars 2024. Pour justifier ce refus, la commune s\u2019est toujours appuy\u00e9e sur le fait que ce projet n\u2019avait pas fait l\u2019objet d\u2019une d\u00e9claration pr\u00e9alable.<\/p>\n<p>Ce jeudi \u00e0 Paris, le Conseil d\u2019Etat n\u2019a pas partag\u00e9 cette lecture du droit et a annul\u00e9 les ordonnances du juge des r\u00e9f\u00e9r\u00e9s ni\u00e7ois. En rappelant \u00ab\u00a0l\u2019int\u00e9r\u00eat public qui s\u2019attache \u00e0 la couverture du territoire national par les r\u00e9seaux de t\u00e9l\u00e9phonie\u00a0\u00bb, les magistrats de la haute juridiction administrative jugent au contraire que la d\u00e9claration pr\u00e9alable n\u2019\u00e9tait pas obligatoire puisque \u00ab\u00a0la hauteur de l\u2019antenne relais \u00e9tait inf\u00e9rieure \u00e0 12m\u00e8tres et que la surface de plancher et l\u2019emprise au sol des locaux et installations techniques \u00e9taient inf\u00e9rieures \u00e0 5m\u00e8tres\u00a0\u00bb.<\/p>\n<p>Le conseil d\u2019Etat suspend \u00e9galement la d\u00e9cision de refus de la commune, qui devra donc r\u00e9examiner la demande de la soci\u00e9t\u00e9 Free.<\/p>\n<p>1. La soci\u00e9t\u00e9 Free dont le patron Xavier Niel est \u00e9galement actionnaire majoritaire du Groupe Nice-Matin, via sa holding NJJ.<\/p>\n","protected":false},"excerpt":{"rendered":"En mars de l\u2019ann\u00e9e derni\u00e8re, le maire de Saint-Andr\u00e9-de-la-Roche Jean-Jacques Carlin a d\u00e9cid\u00e9 de refuser \u00e0 la soci\u00e9t\u00e9&hellip;\n","protected":false},"author":2,"featured_media":192280,"comment_status":"","ping_status":"","sticky":false,"template":"","format":"standard","meta":{"footnotes":""},"categories":[2819],"tags":[1111,11,1777,674,1011,27,12,2401,882,25,3366],"class_list":{"0":"post-192279","1":"post","2":"type-post","3":"status-publish","4":"format-standard","5":"has-post-thumbnail","7":"category-nice","8":"tag-actu","9":"tag-actualites","10":"tag-eu","11":"tag-europe","12":"tag-fr","13":"tag-france","14":"tag-news","15":"tag-nice","16":"tag-provence-alpes-cote-dazur","17":"tag-republique-francaise","18":"tag-vie-locale"},"share_on_mastodon":{"url":"https:\/\/pubeurope.com\/@fr\/114718707806431315","error":""},"_links":{"self":[{"href":"https:\/\/www.europesays.com\/fr\/wp-json\/wp\/v2\/posts\/192279","targetHints":{"allow":["GET"]}}],"collection":[{"href":"https:\/\/www.europesays.com\/fr\/wp-json\/wp\/v2\/posts"}],"about":[{"href":"https:\/\/www.europesays.com\/fr\/wp-json\/wp\/v2\/types\/post"}],"author":[{"embeddable":true,"href":"https:\/\/www.europesays.com\/fr\/wp-json\/wp\/v2\/users\/2"}],"replies":[{"embeddable":true,"href":"https:\/\/www.europesays.com\/fr\/wp-json\/wp\/v2\/comments?post=192279"}],"version-history":[{"count":0,"href":"https:\/\/www.europesays.com\/fr\/wp-json\/wp\/v2\/posts\/192279\/revisions"}],"wp:featuredmedia":[{"embeddable":true,"href":"https:\/\/www.europesays.com\/fr\/wp-json\/wp\/v2\/media\/192280"}],"wp:attachment":[{"href":"https:\/\/www.europesays.com\/fr\/wp-json\/wp\/v2\/media?parent=192279"}],"wp:term":[{"taxonomy":"category","embeddable":true,"href":"https:\/\/www.europesays.com\/fr\/wp-json\/wp\/v2\/categories?post=192279"},{"taxonomy":"post_tag","embeddable":true,"href":"https:\/\/www.europesays.com\/fr\/wp-json\/wp\/v2\/tags?post=192279"}],"curies":[{"name":"wp","href":"https:\/\/api.w.org\/{rel}","templated":true}]}}