{"id":192283,"date":"2025-06-21T01:16:37","date_gmt":"2025-06-21T01:16:37","guid":{"rendered":"https:\/\/www.europesays.com\/fr\/192283\/"},"modified":"2025-06-21T01:16:37","modified_gmt":"2025-06-21T01:16:37","slug":"un-nouveau-president-pour-60-000-rebonds-grand-ouest","status":"publish","type":"post","link":"https:\/\/www.europesays.com\/fr\/192283\/","title":{"rendered":"Un nouveau pr\u00e9sident pour 60 000 rebonds Grand Ouest"},"content":{"rendered":"<p>            Par<br \/>\n        <strong><br \/>\n            <a href=\"https:\/\/actu.fr\/auteur\/nicolas-pipelier\" title=\"Consulter tous les articles de Nicolas Pipelier\" target=\"_blank\" rel=\"noopener\">Nicolas Pipelier<\/a><br \/>\n        <\/strong><\/p>\n<p>        Publi\u00e9 le<\/p>\n<p>            20 juin 2025 \u00e0 14h55        <\/p>\n<p>Eric Thalgott a \u00e9t\u00e9 \u00e9lu pr\u00e9sident de <a href=\"https:\/\/actu.fr\/pays-de-la-loire\/la-roche-sur-yon_85191\/avec-60-000-rebonds-vendee-les-entrepreneurs-ont-le-droit-a-une-seconde-chance_62416309.html\" target=\"_blank\" rel=\"noopener\">l\u2019association territoriale<\/a> <b>60\u2009000 rebonds\u00a0Grand Ouest<\/b>.<\/p>\n<p class=\" wall-content\">Il succ\u00e8de \u00e0 Philippe Delaunay et Alain Marion qui ont assum\u00e9 la copr\u00e9sidence pendant les trois derni\u00e8res ann\u00e9es.<\/p>\n<p class=\" wall-content\">\u00c0 ses c\u00f4t\u00e9s, deux vice-pr\u00e9sidents sont en bin\u00f4me\u2009: Martine Laruaz pour la partie Bretagne et Pierre-Yves Floc\u2019h pour les Pays de la Loire et l\u2019antenne de Tours.<\/p>\n<p class=\" wall-content\">Les autres membres du bureau sont\u2009: Pierre Tiers, secr\u00e9taire g\u00e9n\u00e9ral, Pedro Lopez, tr\u00e9sorier, Fr\u00e9d\u00e9ric Hameon, porte-parole des responsables des dix antennes du Grand Ouest et Marie-Fran\u00e7oise Redon-Thomas en charge des relations avec les partenaires et m\u00e9c\u00e8nes.<\/p>\n<blockquote class=\"ac-article-quote wall-content\">\n<p>Je suis tr\u00e8s attach\u00e9 \u00e0 l\u2019action coll\u00e9giale.<\/p>\n<p>Souligne Eric Thalgott<\/p><\/blockquote>\n<p class=\" wall-content\">\u00ab\u2009Je crois beaucoup \u00e0 la force du collectif. Nous voulons accueillir tous les entrepreneurs qui en ont besoin et leur apporter, avec professionnalisme, une aide de qualit\u00e9 et efficace.\u2009\u00bb<\/p>\n<p>Vid\u00e9os : en ce moment sur Actu324 entrepreneurs accompagn\u00e9s en 10\u00a0ans<\/p>\n<p class=\" wall-content\">Rappelons que l\u2019association 60\u2009000 rebonds a \u00e9t\u00e9 cr\u00e9\u00e9e pour <b>accompagner les entrepreneurs<\/b> qui vivent la difficile \u00e9preuve de la liquidation judiciaire de leur entreprise.<\/p>\n<p class=\" wall-content\">Gr\u00e2ce \u00e0 sa communaut\u00e9 de b\u00e9n\u00e9voles, 60\u2009000 Rebonds les aide, pendant <b>24\u00a0mois et gratuitement<\/b>, \u00e0 se reconstruire et \u00e0 envisager un nouvel avenir professionnel.<\/p>\n<p class=\" wall-content\">Depuis sa cr\u00e9ation en 2015, 60\u2009000 rebonds Grand Ouest (Pays de la Loire, Bretagne, Centre-Val de Loire) a accompagn\u00e9 plus de 324 entrepreneurs sur 2\u00a0ans.<\/p>\n<p class=\" wall-content\">Elle accompagne en ce moment <b>142 entrepreneurs <\/b>sur le Grand Ouest.<\/p>\n<p>Changer le regard sur l\u2019\u00e9chec<\/p>\n<p class=\" wall-content\">\u00ab\u2009Nous voulons continuer \u00e0 d\u00e9velopper notre notori\u00e9t\u00e9, faire savoir aux entrepreneurs que l\u2019association est l\u00e0 pour eux et ne laisser personne au bord du chemin. Sans oublier notre deuxi\u00e8me mission\u2009: contribuer \u00e0 changer le regard sur l\u2019\u00e9chec entrepreneurial, mais aussi l\u2019\u00e9chec en g\u00e9n\u00e9ral.\u2009\u00bb<\/p>\n<p class=\" wall-content\">Face \u00e0 la demande croissante d\u2019entrepreneurs qui ont liquid\u00e9 leur entreprise, l\u2019association recherche, \u00e0 la fois, des soutiens financiers (m\u00e9c\u00e8nes) pour pouvoir offrir son aide au plus grand nombre, et des b\u00e9n\u00e9voles, parrains\/marraines et coachs professionnels.<\/p>\n<p>Contact\u2009: R\u00e9gine Rouillon, 07\u200988\u200941\u200910\u200927 pour les Pays de la Loire.<\/p>\n<p class=\" wall-content\">Suivez toute l\u2019actualit\u00e9 de vos villes et m\u00e9dias favoris en vous inscrivant \u00e0 <a href=\"https:\/\/moncompte.actu.fr\" title=\"D\u00e9couvez Mon Actu\" rel=\"nofollow noopener\" data-trk=\"{&quot;cta&quot;:{&quot;action&quot;:&quot;https:\\\/\\\/moncompte.actu.fr&quot;,&quot;category&quot;:&quot;mon compte&quot;,&quot;from&quot;:&quot;article footer&quot;,&quot;name&quot;:&quot;Mon actu&quot;,&quot;type&quot;:&quot;cta&quot;}}\" target=\"_blank\">Mon Actu<\/a>.<\/p>\n","protected":false},"excerpt":{"rendered":"Par Nicolas Pipelier Publi\u00e9 le 20 juin 2025 \u00e0 14h55 Eric Thalgott a \u00e9t\u00e9 \u00e9lu pr\u00e9sident de l\u2019association&hellip;\n","protected":false},"author":2,"featured_media":192284,"comment_status":"","ping_status":"","sticky":false,"template":"","format":"standard","meta":{"footnotes":""},"categories":[2818],"tags":[1111,11,2855,1777,674,1011,27,766,12,2636,25,104],"class_list":{"0":"post-192283","1":"post","2":"type-post","3":"status-publish","4":"format-standard","5":"has-post-thumbnail","7":"category-nantes","8":"tag-actu","9":"tag-actualites","10":"tag-entrepreneuriat","11":"tag-eu","12":"tag-europe","13":"tag-fr","14":"tag-france","15":"tag-nantes","16":"tag-news","17":"tag-pays-de-la-loire","18":"tag-republique-francaise","19":"tag-societe"},"share_on_mastodon":{"url":"https:\/\/pubeurope.com\/@fr\/114718715613945427","error":""},"_links":{"self":[{"href":"https:\/\/www.europesays.com\/fr\/wp-json\/wp\/v2\/posts\/192283","targetHints":{"allow":["GET"]}}],"collection":[{"href":"https:\/\/www.europesays.com\/fr\/wp-json\/wp\/v2\/posts"}],"about":[{"href":"https:\/\/www.europesays.com\/fr\/wp-json\/wp\/v2\/types\/post"}],"author":[{"embeddable":true,"href":"https:\/\/www.europesays.com\/fr\/wp-json\/wp\/v2\/users\/2"}],"replies":[{"embeddable":true,"href":"https:\/\/www.europesays.com\/fr\/wp-json\/wp\/v2\/comments?post=192283"}],"version-history":[{"count":0,"href":"https:\/\/www.europesays.com\/fr\/wp-json\/wp\/v2\/posts\/192283\/revisions"}],"wp:featuredmedia":[{"embeddable":true,"href":"https:\/\/www.europesays.com\/fr\/wp-json\/wp\/v2\/media\/192284"}],"wp:attachment":[{"href":"https:\/\/www.europesays.com\/fr\/wp-json\/wp\/v2\/media?parent=192283"}],"wp:term":[{"taxonomy":"category","embeddable":true,"href":"https:\/\/www.europesays.com\/fr\/wp-json\/wp\/v2\/categories?post=192283"},{"taxonomy":"post_tag","embeddable":true,"href":"https:\/\/www.europesays.com\/fr\/wp-json\/wp\/v2\/tags?post=192283"}],"curies":[{"name":"wp","href":"https:\/\/api.w.org\/{rel}","templated":true}]}}