{"id":192296,"date":"2025-06-21T01:24:12","date_gmt":"2025-06-21T01:24:12","guid":{"rendered":"https:\/\/www.europesays.com\/fr\/192296\/"},"modified":"2025-06-21T01:24:12","modified_gmt":"2025-06-21T01:24:12","slug":"ou-boire-un-verre-chez-traversin-a-marseille-2","status":"publish","type":"post","link":"https:\/\/www.europesays.com\/fr\/192296\/","title":{"rendered":"O\u00f9 boire un verre ? Chez Traversin \u00e0 Marseille"},"content":{"rendered":"<p>Un nom original pour une nouvelle adresse sur la place aux Huiles \u00e0 Marseille, pr\u00e8s du Vieux-Port. Traversin est le dernier n\u00e9 de l&rsquo;\u00e9quipe du restaurant Travers (qui est juste \u00e0 c\u00f4t\u00e9) et du bistrot marin Coquille, place Thiars, \u00e0 deux ruelles de l\u00e0. Le spot vient d&rsquo;ouvrir d\u00e9but juin et propose une petite terrasse, avec tables et tonneaux, et dispose d&rsquo;un vaste int\u00e9rieur plut\u00f4t prometteur pour des soir\u00e9es festives d&rsquo;hiver. En attendant, la saison d\u00e9marre pour <a href=\"https:\/\/www.laprovence.com\/article\/culture-loisirs\/2120584653473414\/les-lumieres-bar-a-vins-nature-a-marseille\" target=\"_blank\" rel=\"noopener\">ce bar \u00e0 vins<\/a> avec 300 r\u00e9f\u00e9rences, en biodynamie, en nature et en conventionnel, pour satisfaire tous les palais et tous les go\u00fbts.<\/p>\n<p>Assiettes \u00e0 partager\u00a0<\/p>\n<p>Pour accompagner un verre (ros\u00e9 \u00ab\u00a0Coude \u00e0 coude\u00a0\u00bb du Ch\u00e2teau Revelette en Provence, 5\u20ac) ou une bouteille (\u00e0 partir de 21\u20ac), on trouve sur l&rsquo;ardoise des petites assiettes \u00e0 partager simples et brutes.<\/p>\n<p>Des produits de la mer sourc\u00e9s avec les m\u00eames fournisseurs que Coquille : hu\u00eetres, bulots, crevettes (de 9 \u00e0 14\u20ac).<\/p>\n<p>Ou bien un roll crabe avec sa mayo \u00e9pic\u00e9e (12\u20ac) bien moelleux et gourmand, ou encore une burrata avec sa poutargue (11\u20ac). De quoi faire \u00e9terniser l&rsquo;ap\u00e9ro dans une ambiance chaleureuse et conviviale, et une d\u00e9co ext\u00e9rieure fa\u00e7on guinguette, pour les soirs de semaine.\u00a0<\/p>\n<p>21 Place aux Huiles \u00e0 Marseille (1er). Du lundi au vendredi sans r\u00e9servation de 18h \u00e0 1h.<\/p>\n","protected":false},"excerpt":{"rendered":"Un nom original pour une nouvelle adresse sur la place aux Huiles \u00e0 Marseille, pr\u00e8s du Vieux-Port. Traversin&hellip;\n","protected":false},"author":2,"featured_media":191545,"comment_status":"","ping_status":"","sticky":false,"template":"","format":"standard","meta":{"footnotes":""},"categories":[2814],"tags":[17,1111,11,19679,3530,1777,674,1011,27,1661,884,12,882,25,33018,710],"class_list":{"0":"post-192296","1":"post","2":"type-post","3":"status-publish","4":"format-standard","5":"has-post-thumbnail","7":"category-marseille","8":"tag-17","9":"tag-actu","10":"tag-actualites","11":"tag-boire","12":"tag-chez","13":"tag-eu","14":"tag-europe","15":"tag-fr","16":"tag-france","17":"tag-gastronomie","18":"tag-marseille","19":"tag-news","20":"tag-provence-alpes-cote-dazur","21":"tag-republique-francaise","22":"tag-traversin","23":"tag-verre"},"share_on_mastodon":{"url":"https:\/\/pubeurope.com\/@fr\/114718747229624552","error":""},"_links":{"self":[{"href":"https:\/\/www.europesays.com\/fr\/wp-json\/wp\/v2\/posts\/192296","targetHints":{"allow":["GET"]}}],"collection":[{"href":"https:\/\/www.europesays.com\/fr\/wp-json\/wp\/v2\/posts"}],"about":[{"href":"https:\/\/www.europesays.com\/fr\/wp-json\/wp\/v2\/types\/post"}],"author":[{"embeddable":true,"href":"https:\/\/www.europesays.com\/fr\/wp-json\/wp\/v2\/users\/2"}],"replies":[{"embeddable":true,"href":"https:\/\/www.europesays.com\/fr\/wp-json\/wp\/v2\/comments?post=192296"}],"version-history":[{"count":0,"href":"https:\/\/www.europesays.com\/fr\/wp-json\/wp\/v2\/posts\/192296\/revisions"}],"wp:featuredmedia":[{"embeddable":true,"href":"https:\/\/www.europesays.com\/fr\/wp-json\/wp\/v2\/media\/191545"}],"wp:attachment":[{"href":"https:\/\/www.europesays.com\/fr\/wp-json\/wp\/v2\/media?parent=192296"}],"wp:term":[{"taxonomy":"category","embeddable":true,"href":"https:\/\/www.europesays.com\/fr\/wp-json\/wp\/v2\/categories?post=192296"},{"taxonomy":"post_tag","embeddable":true,"href":"https:\/\/www.europesays.com\/fr\/wp-json\/wp\/v2\/tags?post=192296"}],"curies":[{"name":"wp","href":"https:\/\/api.w.org\/{rel}","templated":true}]}}