{"id":192297,"date":"2025-06-21T01:25:13","date_gmt":"2025-06-21T01:25:13","guid":{"rendered":"https:\/\/www.europesays.com\/fr\/192297\/"},"modified":"2025-06-21T01:25:13","modified_gmt":"2025-06-21T01:25:13","slug":"coup-de-grace-de-michel-kelemenis-une-danse-pour-conjurer-leffroi-au-festival-de-marseille","status":"publish","type":"post","link":"https:\/\/www.europesays.com\/fr\/192297\/","title":{"rendered":"\u00ab\u00a0Coup de gr\u00e2ce\u00a0\u00bb de Michel Kelemenis, une danse pour conjurer l&rsquo;effroi au Festival de Marseille"},"content":{"rendered":"<p>\u00ab\u00a0Quand certains dansent d\u2019autres tuent\u00a0\u00bb, se souvient <a href=\"https:\/\/www.laprovence.com\/article\/region\/18043731361001\/inviter-les-spectateurs-dans-ma-tete-le-choregraphe-kelemis-va-mettre-la-danse-a-lhonneur-au-comoedia-daubagne\" target=\"_blank\" rel=\"noopener\">Michel Kelemenis<\/a> qui donnait l\u2019une de ses cr\u00e9ations \u00e0 Aix-en-Provence le 3\u00a0novembre\u00a02015 lorsque \u00e9clat\u00e8rent dans Paris les attentats sur les terrasses de caf\u00e9 et dans la salle de concert du Bataclan, causant la mort de cent trente personnes et en blessant plus de quatre cents.<\/p>\n<p>\u00ab\u00a0J\u2019\u00e9tais tr\u00e8s heureux de la repr\u00e9sentation, raconte-t-il.\u00a0Et l\u00e0, coup droit\/revers, j\u2019apprends la nouvelle. J\u2019ai ressenti une \u00ab\u00a0cristallisation\u00a0\u00bb entre deux \u00e9motions contradictoires la joie et l\u2019effroi\u00a0\u00bb. L\u2019artiste (*) s\u2019empare du drame pour le sublimer et d\u00e9passer l\u2019effroi dans Coup de gr\u00e2ce, une pi\u00e8ce pour sept danseurs qu\u2019il a cr\u00e9\u00e9e en 2019 et aujourd\u2019hui reprise au <a href=\"https:\/\/www.laprovence.com\/article\/culture-loisirs\/315684246676414\/festival-de-marseille-les-spectacles-a-ne-pas-manquer-du-12-juin-au-6-juillet\" target=\"_blank\" rel=\"noopener\">Festival de Marseille<\/a>, quelques mois avant la comm\u00e9moration de l\u2019anniversaire des dix ans de l\u2019\u00e9v\u00e9nement.<\/p>\n","protected":false},"excerpt":{"rendered":"\u00ab\u00a0Quand certains dansent d\u2019autres tuent\u00a0\u00bb, se souvient Michel Kelemenis qui donnait l\u2019une de ses cr\u00e9ations \u00e0 Aix-en-Provence le&hellip;\n","protected":false},"author":2,"featured_media":192298,"comment_status":"","ping_status":"","sticky":false,"template":"","format":"standard","meta":{"footnotes":""},"categories":[2814],"tags":[17,1111,11,3952,5972,1777,674,3337,1011,27,4567,33100,884,3103,12,471,882,25,96],"class_list":{"0":"post-192297","1":"post","2":"type-post","3":"status-publish","4":"format-standard","5":"has-post-thumbnail","7":"category-marseille","8":"tag-17","9":"tag-actu","10":"tag-actualites","11":"tag-coup","12":"tag-danse","13":"tag-eu","14":"tag-europe","15":"tag-festivals","16":"tag-fr","17":"tag-france","18":"tag-grace","19":"tag-kelemenis","20":"tag-marseille","21":"tag-michel","22":"tag-news","23":"tag-pour","24":"tag-provence-alpes-cote-dazur","25":"tag-republique-francaise","26":"tag-une"},"share_on_mastodon":{"url":"https:\/\/pubeurope.com\/@fr\/114718751241834573","error":""},"_links":{"self":[{"href":"https:\/\/www.europesays.com\/fr\/wp-json\/wp\/v2\/posts\/192297","targetHints":{"allow":["GET"]}}],"collection":[{"href":"https:\/\/www.europesays.com\/fr\/wp-json\/wp\/v2\/posts"}],"about":[{"href":"https:\/\/www.europesays.com\/fr\/wp-json\/wp\/v2\/types\/post"}],"author":[{"embeddable":true,"href":"https:\/\/www.europesays.com\/fr\/wp-json\/wp\/v2\/users\/2"}],"replies":[{"embeddable":true,"href":"https:\/\/www.europesays.com\/fr\/wp-json\/wp\/v2\/comments?post=192297"}],"version-history":[{"count":0,"href":"https:\/\/www.europesays.com\/fr\/wp-json\/wp\/v2\/posts\/192297\/revisions"}],"wp:featuredmedia":[{"embeddable":true,"href":"https:\/\/www.europesays.com\/fr\/wp-json\/wp\/v2\/media\/192298"}],"wp:attachment":[{"href":"https:\/\/www.europesays.com\/fr\/wp-json\/wp\/v2\/media?parent=192297"}],"wp:term":[{"taxonomy":"category","embeddable":true,"href":"https:\/\/www.europesays.com\/fr\/wp-json\/wp\/v2\/categories?post=192297"},{"taxonomy":"post_tag","embeddable":true,"href":"https:\/\/www.europesays.com\/fr\/wp-json\/wp\/v2\/tags?post=192297"}],"curies":[{"name":"wp","href":"https:\/\/api.w.org\/{rel}","templated":true}]}}