{"id":192314,"date":"2025-06-21T01:35:19","date_gmt":"2025-06-21T01:35:19","guid":{"rendered":"https:\/\/www.europesays.com\/fr\/192314\/"},"modified":"2025-06-21T01:35:19","modified_gmt":"2025-06-21T01:35:19","slug":"lutilisation-darmes-nucleaires-contre-la-russie-serait-lultime-erreur-de-kiev-previent-vladimir-poutine","status":"publish","type":"post","link":"https:\/\/www.europesays.com\/fr\/192314\/","title":{"rendered":"L&rsquo;utilisation d&rsquo;armes nucl\u00e9aires contre la Russie serait \u2018\u2019l\u2019ultime erreur\u2019\u2019 de Kiev, pr\u00e9vient Vladimir Poutine"},"content":{"rendered":"<p style=\"text-align:justify;\">AA \/ Moscou \/ Elena Teslova<\/p>\n<p style=\"text-align:justify;\">Le pr\u00e9sident russe Vladimir Poutine a mis en garde l&rsquo;Ukraine que toute utilisation d&rsquo;armes nucl\u00e9aires contre la Russie, soulignant que \u00e7a serait \u2018\u2019l\u2019ultime erreur\u2019\u2019 de Kiev.<\/p>\n<p style=\"text-align:justify;\">S&rsquo;exprimant lors du Forum \u00e9conomique international de Saint-P\u00e9tersbourg, Poutine a pr\u00e9venu que si l&rsquo;Ukraine tentait de larguer une \u2018\u2019bombe sale\u2019\u2019 sur le territoire russe, cela d\u00e9clencherait une \u2018\u2019riposte en miroir\u2019\u2019 de Moscou.<\/p>\n<p style=\"text-align:justify;\">\u2018\u2019\u00c7a serait une erreur colossale de la part de ceux que nous qualifions de n\u00e9onazis et qui dirigent l&rsquo;Ukraine actuellement, peut-\u00eatre leur ultime erreur\u2019\u2019, a-t-il d\u00e9clar\u00e9.<\/p>\n<p style=\"text-align:justify;\">Poutine a soulign\u00e9 que la doctrine nucl\u00e9aire russe pr\u00e9voit une r\u00e9ponse ferme aux menaces existentielles, ajoutant que les cons\u00e9quences pour Kiev seraient d\u00e9sastreuses.<\/p>\n<p style=\"text-align:justify;\">\u2018\u2019Notre r\u00e9ponse serait extr\u00eamement dure, probablement catastrophique, tant pour le r\u00e9gime n\u00e9onazi que pour l&rsquo;Ukraine elle-m\u00eame\u2019\u2019, a-t-il soutenu.<\/p>\n<p style=\"text-align:justify;\">Parall\u00e8lement, Vladimir Poutine a reconnu que la Russie ne dispose actuellement d&rsquo;aucune preuve confirm\u00e9e selon laquelle l&rsquo;Ukraine envisage d&rsquo;utiliser une bombe sale.<\/p>\n<p style=\"text-align:justify;\">\u2018\u2019Dieu merci, nous n&rsquo;avons aucune preuve sur de telles intentions. Mais nous partons du principe qu&rsquo;une telle id\u00e9e pourrait surgir dans l&rsquo;esprit de quelqu\u2019un\u2019\u2019, a-t-il dit.<\/p>\n<p style=\"text-align:justify;\">Le pr\u00e9sident russe a \u00e9galement d\u00e9clar\u00e9 que Moscou va constituer une \u2018\u2019zone de s\u00e9curit\u00e9\u2019\u2019 le long de la fronti\u00e8re avec l&rsquo;Ukraine, afin d\u2019emp\u00eacher les forces ukrainiennes de mener de nouvelles offensives en Russie, comme celle lanc\u00e9e l\u2019an dernier dans l\u2019oblast russe de Koursk.<\/p>\n<p style=\"text-align:justify;\">Poutine a pr\u00e9cis\u00e9 que la profondeur de cette zone tampon pourrait varier de 8 \u00e0 12 kilom\u00e8tres, et n\u2019a pas exclu la prise par Moscou de la ville strat\u00e9gique de Soumy (nord-est de l\u2019Ukraine).<\/p>\n<p style=\"text-align:justify;\">\u2018\u2019La profondeur est d&rsquo;environ 10 \u00e0 12 kilom\u00e8tres, parfois 8, parfois 12. Au-del\u00e0 se trouve la ville de Soumy. Nous n\u2019avons pas pour objectif de prendre Soumy, mais en principe, je ne l\u2019exclus pas\u2019\u2019, a-t-il d\u00e9clar\u00e9.<\/p>\n<p style=\"text-align:justify;\">Interrog\u00e9 sur les intentions de la Russie en Ukraine, Poutine a d\u00e9clar\u00e9 que les Russes et les Ukrainiens formaient un seul et m\u00eame peuple et qu\u2019\u2018\u2019en ce sens, l\u2019ensemble de l\u2019Ukraine nous appartient\u2019\u2019. \u2018\u2019Nous avons une expression, ou une parabole\u2019\u2019, a-t-il dit : \u2018\u2019Ce que foule le pied d\u2019un soldat russe nous appartient.\u2019\u2019<\/p>\n<p style=\"text-align:justify;\">*Traduit de l\u2019anglais par Majdi Ismail<\/p>\n<p>                            &#13;<br \/>\n                                <a href=\"https:\/\/www.aa.com.tr\/fr\/p\/abonnement\/1001\" target=\"_blank\" style=\"font-size:12px; color:#444; text-decoration:none;\" rel=\"nofollow noopener\">&#13;<br \/>\n                                    Seulement une partie des d\u00e9p\u00eaches, que l&rsquo;Agence Anadolu diffuse \u00e0 ses abonn\u00e9s via le Syst\u00e8me de Diffusion interne (HAS), est diffus\u00e9e sur le site de l&rsquo;AA, de mani\u00e8re r\u00e9sum\u00e9e. <b style=\"color:#1897F7\">Contactez-nous s&rsquo;il vous pla\u00eet pour vous abonner.<\/b>&#13;<br \/>\n                                <\/a>&#13;<\/p>\n","protected":false},"excerpt":{"rendered":"AA \/ Moscou \/ Elena Teslova Le pr\u00e9sident russe Vladimir Poutine a mis en garde l&rsquo;Ukraine que toute&hellip;\n","protected":false},"author":2,"featured_media":192315,"comment_status":"","ping_status":"","sticky":false,"template":"","format":"standard","meta":{"footnotes":""},"categories":[1590],"tags":[11,1785,33103,1777,674,12,132,220,135],"class_list":{"0":"post-192314","1":"post","2":"type-post","3":"status-publish","4":"format-standard","5":"has-post-thumbnail","7":"category-ukraine","8":"tag-actualites","9":"tag-anadolu-ajansi","10":"tag-armes-nuclaires-contre-la-russie","11":"tag-eu","12":"tag-europe","13":"tag-news","14":"tag-russie","15":"tag-ukraine","16":"tag-vladimir-poutine"},"share_on_mastodon":{"url":"https:\/\/pubeurope.com\/@fr\/114718790404207896","error":""},"_links":{"self":[{"href":"https:\/\/www.europesays.com\/fr\/wp-json\/wp\/v2\/posts\/192314","targetHints":{"allow":["GET"]}}],"collection":[{"href":"https:\/\/www.europesays.com\/fr\/wp-json\/wp\/v2\/posts"}],"about":[{"href":"https:\/\/www.europesays.com\/fr\/wp-json\/wp\/v2\/types\/post"}],"author":[{"embeddable":true,"href":"https:\/\/www.europesays.com\/fr\/wp-json\/wp\/v2\/users\/2"}],"replies":[{"embeddable":true,"href":"https:\/\/www.europesays.com\/fr\/wp-json\/wp\/v2\/comments?post=192314"}],"version-history":[{"count":0,"href":"https:\/\/www.europesays.com\/fr\/wp-json\/wp\/v2\/posts\/192314\/revisions"}],"wp:featuredmedia":[{"embeddable":true,"href":"https:\/\/www.europesays.com\/fr\/wp-json\/wp\/v2\/media\/192315"}],"wp:attachment":[{"href":"https:\/\/www.europesays.com\/fr\/wp-json\/wp\/v2\/media?parent=192314"}],"wp:term":[{"taxonomy":"category","embeddable":true,"href":"https:\/\/www.europesays.com\/fr\/wp-json\/wp\/v2\/categories?post=192314"},{"taxonomy":"post_tag","embeddable":true,"href":"https:\/\/www.europesays.com\/fr\/wp-json\/wp\/v2\/tags?post=192314"}],"curies":[{"name":"wp","href":"https:\/\/api.w.org\/{rel}","templated":true}]}}