{"id":192316,"date":"2025-06-21T01:36:15","date_gmt":"2025-06-21T01:36:15","guid":{"rendered":"https:\/\/www.europesays.com\/fr\/192316\/"},"modified":"2025-06-21T01:36:15","modified_gmt":"2025-06-21T01:36:15","slug":"entree-aux-etats-unis-un-ancien-maire-haitien-condamne-a-une-peine-de-prison","status":"publish","type":"post","link":"https:\/\/www.europesays.com\/fr\/192316\/","title":{"rendered":"Entr\u00e9e aux \u00c9tats-Unis: un ancien maire ha\u00eftien condamn\u00e9 \u00e0 une peine de prison"},"content":{"rendered":"<p>Un ancien maire ha\u00eftien reconnu coupable d\u2019avoir menti sur son pass\u00e9 violent dans sa demande de visa aux \u00c9tats-Unis a \u00e9t\u00e9 condamn\u00e9 vendredi \u00e0 neuf ans de prison et trois ans de surveillance, apr\u00e8s quoi il fera l\u2019objet d\u2019une proc\u00e9dure d\u2019expulsion.<\/p>\n<p>Jean Morose Viliena, de Malden, dans le Massachusetts, a \u00e9t\u00e9 maire des Irois, en Ha\u00efti, de d\u00e9cembre\u00a02006 \u00e0 f\u00e9vrier\u00a02010. Il a \u00e9t\u00e9 reconnu coupable de trois chefs d\u2019accusation de fraude aux visas en mars et condamn\u00e9 vendredi par un tribunal f\u00e9d\u00e9ral de Boston.<\/p>\n<p>\u00abPendant plus de dix ans, il a v\u00e9cu librement et confortablement dans ce pays, tandis que les victimes de ses brutalit\u00e9s vivaient dans la peur, l\u2019exil et la souffrance, a d\u00e9clar\u00e9 la procureure f\u00e9d\u00e9rale Leah Foley dans un communiqu\u00e9. La condamnation prononc\u00e9e aujourd\u2019hui apporte une certaine justice pour les vies qu\u2019il a bris\u00e9es et envoie un message clair\u00a0: les \u00c9tats-Unis ne seront pas un refuge pour les auteurs de violations des droits de la personne.\u00bb<\/p>\n<p>Selon les procureurs, M.\u00a0Viliena a commis des \u00abatrocit\u00e9s violentes\u00bb contre ses adversaires politiques dans une communaut\u00e9 rurale isol\u00e9e d\u2019environ 22\u00a0000\u00a0habitants, \u00e0 l\u2019extr\u00e9mit\u00e9 ouest d\u2019Ha\u00efti. En 2007, il a \u00e9t\u00e9 accus\u00e9 d\u2019avoir conduit un groupe de ses alli\u00e9s au domicile d\u2019un opposant politique, o\u00f9 lui et ses associ\u00e9s ont abattu le fr\u00e8re cadet de ce dernier, puis lui ont fracass\u00e9 le cr\u00e2ne \u00e0 coups de pierre.<\/p>\n<p>En 2008, M.\u00a0Viliena et ses alli\u00e9s sont all\u00e9s, arm\u00e9s de fusils, de machettes, de pioches et de masses, fermer une radio communautaire \u00e0 laquelle il s\u2019opposait, selon les procureurs. Les autorit\u00e9s ont mentionn\u00e9 qu\u2019il avait frapp\u00e9 un homme \u00e0 coups de poing et de pistolet, puis ordonn\u00e9 \u00e0 un associ\u00e9 de tirer et de tuer l\u2019homme et une autre personne.<\/p>\n<p>Tous deux ont surv\u00e9cu, mais l\u2019un des hommes a perdu une jambe et l\u2019autre a perdu un \u0153il.<\/p>\n<p>Lorsqu\u2019il a demand\u00e9 un visa pour entrer aux \u00c9tats-Unis, M.\u00a0Viliena a ni\u00e9 avoir \u00abordonn\u00e9, perp\u00e9tr\u00e9 ou mat\u00e9riellement contribu\u00e9 \u00e0 des ex\u00e9cutions extrajudiciaires et politiques et \u00e0 d\u2019autres actes de violence contre le peuple ha\u00eftien\u00bb. Il a ensuite obtenu une carte de r\u00e9sident permanent et a \u00e9lev\u00e9 un enfant, citoyen am\u00e9ricain de naissance, selon le parquet.<\/p>\n<p>Les avocats de la d\u00e9fense ont plaid\u00e9 devant le tribunal que les violences \u00e9taient le fait de membres d\u2019un parti politique rival \u2014 dont certains, selon eux, sont des t\u00e9moins du gouvernement \u2014 et de membres de son parti. Ils ont d\u00e9crit l\u2019ancien maire comme le fils d\u2019un agriculteur devenu enseignant et candidat \u00e0 la mairie pour am\u00e9liorer les conditions de vie dans la ville.<\/p>\n<p>En 2023, M.\u00a0Viliena a \u00e9t\u00e9 reconnu coupable par un jury am\u00e9ricain lors d\u2019un proc\u00e8s civil pour le meurtre et les deux tentatives de meurtre, et s\u2019est vu infliger 15,5\u00a0millions\u00a0$\u00a0US de dommages et int\u00e9r\u00eats compensatoires et punitifs.<\/p>\n","protected":false},"excerpt":{"rendered":"Un ancien maire ha\u00eftien reconnu coupable d\u2019avoir menti sur son pass\u00e9 violent dans sa demande de visa aux&hellip;\n","protected":false},"author":2,"featured_media":192317,"comment_status":"","ping_status":"","sticky":false,"template":"","format":"standard","meta":{"footnotes":""},"categories":[1589],"tags":[11,73,1866,1854,20106,4576,12,1864,1865,1863,308],"class_list":{"0":"post-192316","1":"post","2":"type-post","3":"status-publish","4":"format-standard","5":"has-post-thumbnail","7":"category-etats-unis","8":"tag-actualites","9":"tag-etats-unis","10":"tag-etats-unis-damerique","11":"tag-https-lactualite-com-sujet-international","12":"tag-https-lactualite-com-sujet-justice","13":"tag-https-lactualite-com-sujet-politique","14":"tag-news","15":"tag-united-states","16":"tag-united-states-of-america","17":"tag-us","18":"tag-usa"},"share_on_mastodon":{"url":"https:\/\/pubeurope.com\/@fr\/114718794322620685","error":""},"_links":{"self":[{"href":"https:\/\/www.europesays.com\/fr\/wp-json\/wp\/v2\/posts\/192316","targetHints":{"allow":["GET"]}}],"collection":[{"href":"https:\/\/www.europesays.com\/fr\/wp-json\/wp\/v2\/posts"}],"about":[{"href":"https:\/\/www.europesays.com\/fr\/wp-json\/wp\/v2\/types\/post"}],"author":[{"embeddable":true,"href":"https:\/\/www.europesays.com\/fr\/wp-json\/wp\/v2\/users\/2"}],"replies":[{"embeddable":true,"href":"https:\/\/www.europesays.com\/fr\/wp-json\/wp\/v2\/comments?post=192316"}],"version-history":[{"count":0,"href":"https:\/\/www.europesays.com\/fr\/wp-json\/wp\/v2\/posts\/192316\/revisions"}],"wp:featuredmedia":[{"embeddable":true,"href":"https:\/\/www.europesays.com\/fr\/wp-json\/wp\/v2\/media\/192317"}],"wp:attachment":[{"href":"https:\/\/www.europesays.com\/fr\/wp-json\/wp\/v2\/media?parent=192316"}],"wp:term":[{"taxonomy":"category","embeddable":true,"href":"https:\/\/www.europesays.com\/fr\/wp-json\/wp\/v2\/categories?post=192316"},{"taxonomy":"post_tag","embeddable":true,"href":"https:\/\/www.europesays.com\/fr\/wp-json\/wp\/v2\/tags?post=192316"}],"curies":[{"name":"wp","href":"https:\/\/api.w.org\/{rel}","templated":true}]}}