{"id":192318,"date":"2025-06-21T01:37:13","date_gmt":"2025-06-21T01:37:13","guid":{"rendered":"https:\/\/www.europesays.com\/fr\/192318\/"},"modified":"2025-06-21T01:37:13","modified_gmt":"2025-06-21T01:37:13","slug":"une-loi-historique-sur-laide-a-mourir-franchit-une-etape-cle-au-royaume-uni-2","status":"publish","type":"post","link":"https:\/\/www.europesays.com\/fr\/192318\/","title":{"rendered":"Une loi historique sur l&rsquo;aide \u00e0 mourir franchit une \u00e9tape cl\u00e9 au Royaume-Uni"},"content":{"rendered":"<p>Une \u00e9tape cl\u00e9. Au <strong>Royaume-Uni<\/strong>, les d\u00e9put\u00e9s ont adopt\u00e9 vendredi 20 juin 2025 en deuxi\u00e8me lecture une proposition de loi historique visant \u00e0 <strong>l\u00e9galiser l&rsquo;aide \u00e0 mourir<\/strong> pour certains malades en phase terminale.<\/p>\n<p>Le texte, qui doit dor\u00e9navant \u00eatre examin\u00e9 par la chambre des Lords, a \u00e9t\u00e9 adopt\u00e9 \u00e0 l&rsquo;issue d&rsquo;un scrutin serr\u00e9, avec 314 voix pour et 291 contre.<\/p>\n<p>Ses partisans, rassembl\u00e9s d\u00e8s le d\u00e9but de la matin\u00e9e devant le Parlement avec des pancartes \u00ab\u00a0My death, my d\u00e9cision\u00a0\u00bb (ma mort, ma d\u00e9cision), ont laiss\u00e9 \u00e9clater leur joie \u00e0 l&rsquo;annonce du r\u00e9sultat.<\/p>\n<p>\u00ab\u00a0Ce vote envoie un message clair (&#8230;) <a href=\"https:\/\/www.nicematin.com\/a\/990474\" target=\"_blank\" rel=\"noopener\">le changement est en marche<\/a>\u00ab\u00a0, a r\u00e9agi la directrice de l&rsquo;association Dignity in Dying (Une mort digne) Sarah Wootton.<\/p>\n<p>\u00c0 l&rsquo;inverse, le directeur du groupe Care Not Killing (soigner, ne pas tuer) Gordon Macdonald, oppos\u00e9 au texte, a d\u00e9nonc\u00e9 un projet de loi \u00ab\u00a0profond\u00e9ment imparfait et dangereux\u00a0\u00bb.<\/p>\n<p>Le texte adopt\u00e9 par les d\u00e9put\u00e9s pr\u00e9voit la l\u00e9galisation de l&rsquo;aide \u00e0 mourir <strong>pour les adultes en phase terminale<\/strong>, dont l&rsquo;esp\u00e9rance de vie est inf\u00e9rieure \u00e0 six mois, et qui sont capables de prendre eux-m\u00eames la substance provoquant leur d\u00e9c\u00e8s.<\/p>\n<p>Le vote est \u00ab\u00a0le r\u00e9sultat dont beaucoup de gens ont besoin\u00a0\u00bb pour avoir \u00ab\u00a0le choix \u00e0 la fin de leurs jours\u00a0\u00bb, s&rsquo;est f\u00e9licit\u00e9e la d\u00e9put\u00e9 travailliste Kim Leadbeater, \u00e0 l&rsquo;origine de cette proposition de loi.<\/p>\n<p>\u00ab\u00a0Je ne sous-estime pas l&rsquo;importance de ce jour. Il est rare que l&rsquo;on nous demande de nous attaquer \u00e0 des questions de moralit\u00e9, d&rsquo;\u00e9thique et d&rsquo;humanit\u00e9\u00a0\u00bb, avait-elle d\u00e9clar\u00e9 en ouvrant les d\u00e9bats, d\u00e9fendant les<a href=\"https:\/\/www.nicematin.com\/a\/987920\" target=\"_blank\" rel=\"noopener\"> \u00ab\u00a0nombreuses garanties\u00a0\u00bb et les \u00ab\u00a0crit\u00e8res stricts\u00a0\u00bb<\/a> pr\u00e9sents dans le texte.<\/p>\n<p>Selon un sondage publi\u00e9 jeudi par l&rsquo;institut YouGov, 73% des Britanniques soutenaient la proposition de loi.<\/p>\n<p>Avoir le choix <\/p>\n<p>Les d\u00e9put\u00e9s ont apport\u00e9 plusieurs changements notables par rapport \u00e0 la version adopt\u00e9e fin novembre en premi\u00e8re lecture, o\u00f9 la proposition avait b\u00e9n\u00e9fici\u00e9 d&rsquo;une majorit\u00e9 un peu plus importante.<\/p>\n<p>Outre deux m\u00e9decins, le dernier mot pour autoriser une aide \u00e0 mourir sera dans les mains d&rsquo;un <strong>coll\u00e8ge d&rsquo;experts<\/strong>, et non du ressort d&rsquo;un juge de la Haute cour de justice, un changement fustig\u00e9 par les opposants.<\/p>\n<p>Une personne ne pourra pas \u00eatre \u00e9ligible si sa sant\u00e9 se d\u00e9grade parce qu&rsquo;elle a volontairement arr\u00eat\u00e9 de se nourrir.<\/p>\n<p>Devant le Parlement, David Walker, 82 ans, s&rsquo;est dit \u00ab\u00a0tellement heureux\u00a0\u00bb de l&rsquo;issue du vote. \u00ab\u00a0Ce n&rsquo;est pas seulement pour moi, mais aussi pour tous les gens qui traversent ce que j&rsquo;ai travers\u00e9\u00a0\u00bb, a ajout\u00e9 \u00e9mu ce retrait\u00e9, dont la femme, gravement malade, lui avait demand\u00e9 en vain de l&rsquo;aider \u00e0 mourir.<\/p>\n<p>\u00ab\u00a0Cette loi ne signifie pas que les gens doivent choisir, elle signifie que chacun a le choix. Je pense qu&rsquo;il est important que chacun ait le droit de faire ses propres choix\u00a0\u00bb, s&rsquo;est \u00e9galement r\u00e9joui Emma Stirk, une \u00e9tudiante de 19 ans.<\/p>\n<p>\u00ab\u00a0Le projet de loi ne prot\u00e8ge pas suffisamment\u00a0\u00bb les personnes vuln\u00e9rables qui pourraient avoir recours au<strong> suicide assist\u00e9<\/strong>, s&rsquo;est en revanche inqui\u00e9t\u00e9 Martha Owens, \u00e9tudiante de 21 ans oppos\u00e9e au texte.<\/p>\n<p>\u00ab\u00a0Nous devons changer de mani\u00e8re \u00e0 aider les gens \u00e0 vivre dignement et \u00e0 vivre le mieux possible jusqu&rsquo;\u00e0 la fin de leur vie\u00a0\u00bb, a-t-elle insist\u00e9.<\/p>\n<p><strong>Le Premier ministre Keir Starmer a vot\u00e9 pour<\/strong> <\/p>\n<p>Les partis politiques n&rsquo;avaient pas donn\u00e9 de consigne \u00e0 leurs \u00e9lus. Le Premier ministre Keir Starmer a vot\u00e9 en faveur du texte, mais les votes ont \u00e9t\u00e9 tr\u00e8s partag\u00e9s au sein de son gouvernement.<\/p>\n<p>S&rsquo;il est finalement adopt\u00e9 dans les deux chambres, il faudra encore attendre quatre ans avant que le suicide assist\u00e9 ne soit effectivement mis en place en Angleterre et au Pays de Galles.<\/p>\n<p>Selon une \u00e9valuation du gouvernement, entre 160 et 640 suicides assist\u00e9s pourraient avoir lieu dans la premi\u00e8re ann\u00e9e, avant une hausse progressive jusqu&rsquo;\u00e0 environ 4.500 la dixi\u00e8me ann\u00e9e.<\/p>\n<p>Actuellement, <a href=\"https:\/\/www.nicematin.com\/a\/985511\" target=\"_blank\" rel=\"noopener\">l&rsquo;aide m\u00e9dicale \u00e0 mourir est ill\u00e9gale et fait encourir 14 ans de prison<\/a> en cas d&rsquo;aide ou d&rsquo;incitation en Angleterre, au Pays de Galles et en Irlande du Nord.<\/p>\n<p>En <strong>Ecosse<\/strong>, o\u00f9 une personne aidant quelqu&rsquo;un \u00e0 mourir peut \u00eatre poursuivie pour homicide volontaire, les d\u00e9put\u00e9s ont adopt\u00e9 le mois dernier en premi\u00e8re lecture un projet de loi pour l\u00e9galiser le suicide assist\u00e9.<\/p>\n<p>L&rsquo;\u00eele de Man est devenue en mai le premier territoire britannique \u00e0 l\u00e9galiser une forme d&rsquo;aide \u00e0 mourir.<\/p>\n","protected":false},"excerpt":{"rendered":"Une \u00e9tape cl\u00e9. Au Royaume-Uni, les d\u00e9put\u00e9s ont adopt\u00e9 vendredi 20 juin 2025 en deuxi\u00e8me lecture une proposition&hellip;\n","protected":false},"author":2,"featured_media":192319,"comment_status":"","ping_status":"","sticky":false,"template":"","format":"standard","meta":{"footnotes":""},"categories":[1588],"tags":[11,1777,674,332,12,473,1853,71,1851,1850,1852],"class_list":{"0":"post-192318","1":"post","2":"type-post","3":"status-publish","4":"format-standard","5":"has-post-thumbnail","7":"category-royaume-uni","8":"tag-actualites","9":"tag-eu","10":"tag-europe","11":"tag-faits-de-societe","12":"tag-news","13":"tag-royaume-uni","14":"tag-royaume-uni-de-grande-bretagne-et-dirlande-du-nord","15":"tag-sante","16":"tag-uk","17":"tag-united-kingdom","18":"tag-united-kingdom-of-great-britain-and-northern-ireland"},"share_on_mastodon":{"url":"https:\/\/pubeurope.com\/@fr\/114718798242403933","error":""},"_links":{"self":[{"href":"https:\/\/www.europesays.com\/fr\/wp-json\/wp\/v2\/posts\/192318","targetHints":{"allow":["GET"]}}],"collection":[{"href":"https:\/\/www.europesays.com\/fr\/wp-json\/wp\/v2\/posts"}],"about":[{"href":"https:\/\/www.europesays.com\/fr\/wp-json\/wp\/v2\/types\/post"}],"author":[{"embeddable":true,"href":"https:\/\/www.europesays.com\/fr\/wp-json\/wp\/v2\/users\/2"}],"replies":[{"embeddable":true,"href":"https:\/\/www.europesays.com\/fr\/wp-json\/wp\/v2\/comments?post=192318"}],"version-history":[{"count":0,"href":"https:\/\/www.europesays.com\/fr\/wp-json\/wp\/v2\/posts\/192318\/revisions"}],"wp:featuredmedia":[{"embeddable":true,"href":"https:\/\/www.europesays.com\/fr\/wp-json\/wp\/v2\/media\/192319"}],"wp:attachment":[{"href":"https:\/\/www.europesays.com\/fr\/wp-json\/wp\/v2\/media?parent=192318"}],"wp:term":[{"taxonomy":"category","embeddable":true,"href":"https:\/\/www.europesays.com\/fr\/wp-json\/wp\/v2\/categories?post=192318"},{"taxonomy":"post_tag","embeddable":true,"href":"https:\/\/www.europesays.com\/fr\/wp-json\/wp\/v2\/tags?post=192318"}],"curies":[{"name":"wp","href":"https:\/\/api.w.org\/{rel}","templated":true}]}}