{"id":192320,"date":"2025-06-21T01:38:17","date_gmt":"2025-06-21T01:38:17","guid":{"rendered":"https:\/\/www.europesays.com\/fr\/192320\/"},"modified":"2025-06-21T01:38:17","modified_gmt":"2025-06-21T01:38:17","slug":"arrestation-dun-jeune-homme-qui-poussait-des-enfants-vulnerables-a-sautomutiler-en-ligne","status":"publish","type":"post","link":"https:\/\/www.europesays.com\/fr\/192320\/","title":{"rendered":"Arrestation d\u2019un jeune homme qui poussait des enfants vuln\u00e9rables \u00e0 s\u2019automutiler en ligne"},"content":{"rendered":"<p>Les autorit\u00e9s <a href=\"https:\/\/www.20minutes.fr\/dossier\/allemagne\" class=\"color-ultramarine c-link\" target=\"_blank\" rel=\"noopener\">allemandes <\/a>ont annonc\u00e9 mercredi l\u2019arrestation d\u2019un Germano-Iranien soup\u00e7onn\u00e9 d\u2019avoir manipul\u00e9 et menac\u00e9 des <a href=\"https:\/\/www.20minutes.fr\/dossier\/adolescence\" class=\"color-ultramarine c-link\" target=\"_blank\" rel=\"noopener\">adolescents <\/a>vuln\u00e9rables sur Internet, les for\u00e7ant \u00e0 s\u2019automutiler et \u00e0 se livrer \u00e0 des actes sexuels, ce qui a conduit au <a href=\"https:\/\/www.20minutes.fr\/dossier\/suicide\" class=\"color-ultramarine c-link\" target=\"_blank\" rel=\"noopener\">suicide <\/a>de l\u2019un d\u2019entre eux.<\/p>\n<p>Le jeune homme de 20 ans a \u00e9t\u00e9 appr\u00e9hend\u00e9 \u00e0 <a href=\"https:\/\/www.20minutes.fr\/dossier\/hambourg\" class=\"color-ultramarine c-link\" target=\"_blank\" rel=\"noopener\">Hambourg <\/a>\u00ab\u00a0\u00e0 l\u2019issue d\u2019une enqu\u00eate approfondie men\u00e9e par une commission sp\u00e9ciale mise en place\u00a0\u00bb et son domicile a \u00e9t\u00e9 fouill\u00e9 par les forces de l\u2019ordre, ont annonc\u00e9 le parquet et la police de la ville dans un communiqu\u00e9.<\/p>\n<p>\u00ab\u00a0Membre important\u00a0\u00bb d\u2019un r\u00e9seau de cyberp\u00e9dophile<\/p>\n<p>Il est soup\u00e7onn\u00e9 \u00ab\u00a0notamment de meurtre et de tentative de meurtre\u00a0\u00bb. Les enqu\u00eateurs ont identifi\u00e9 au total huit victimes, des enfants et des adolescents \u00e2g\u00e9s de 16 \u00e0 19 ans, que l\u2019accus\u00e9 aurait rendus \u00e9motionnellement d\u00e9pendants de lui entre\u00a02021 et\u00a02023, avant de les harceler.<\/p>\n<p>Il aurait pouss\u00e9 un adolescent de 13 ans au suicide. Ce dernier, vivant aux Etats-Unis, s\u2019est pendu pendant un livestream diffus\u00e9 sur Internet. Une autre victime est une jeune fille vivant du Canada.<\/p>\n<p>Le suspect est qualifi\u00e9 de \u00ab\u00a0membre important\u00a0\u00bb du r\u00e9seau cybercriminel p\u00e9dophile \u00ab\u00a0764\u00a0\u00bb, qui cible principalement des mineurs vuln\u00e9rables \u00e2g\u00e9s de 8 \u00e0 17 ans, notamment dans les communaut\u00e9s LGBTQ+, chez les minorit\u00e9s raciales et chez les personnes souffrant de troubles mentaux.<\/p>\n<p>Une centaine d\u2019infractions reproch\u00e9es \u00e0 l\u2019accus\u00e9<\/p>\n<p>Selon les autorit\u00e9s, les membres de ce groupe poussent leurs victimes, par pression psychologique, \u00e0 commettre des actes extr\u00eames contre elles-m\u00eames. Le suspect aurait ainsi contraint ses cibles \u00e0 se livrer \u00e0 des actes sexuels et \u00e0 s\u2019automutiler dans des chats en direct.<\/p>\n<p>Il aurait film\u00e9 ces actes et menac\u00e9 de les diffuser largement afin de contraindre les victimes \u00e0 commettre des actes encore plus extr\u00eames. Plusieurs victimes ont commis des tentatives de suicide, selon l\u2019enqu\u00eate. Au total, plus de 120 infractions sont reproch\u00e9es \u00e0 l\u2019accus\u00e9.<\/p>\n<\/p>\n<p>Selon les m\u00e9dias, c\u2019est le FBI am\u00e9ricain qui aurait d\u00e9clench\u00e9 l\u2019enqu\u00eate contre cet homme en transmettant une information aux autorit\u00e9s allemandes.<\/p>\n","protected":false},"excerpt":{"rendered":"Les autorit\u00e9s allemandes ont annonc\u00e9 mercredi l\u2019arrestation d\u2019un Germano-Iranien soup\u00e7onn\u00e9 d\u2019avoir manipul\u00e9 et menac\u00e9 des adolescents vuln\u00e9rables sur&hellip;\n","protected":false},"author":2,"featured_media":192321,"comment_status":"","ping_status":"","sticky":false,"template":"","format":"standard","meta":{"footnotes":""},"categories":[1587],"tags":[47,11,1084,1267,672,1804,16968,9001,1805,1803,1777,674,18120,1801,1900,28742,74,12,1974,1802,5748],"class_list":{"0":"post-192320","1":"post","2":"type-post","3":"status-publish","4":"format-standard","5":"has-post-thumbnail","7":"category-allemagne","8":"tag-actualite","9":"tag-actualites","10":"tag-adolescent","11":"tag-agression-sexuelle","12":"tag-allemagne","13":"tag-bundesrepublik-deutschland","14":"tag-cybercriminalite","15":"tag-cyberharcelement","16":"tag-de","17":"tag-deutschland","18":"tag-eu","19":"tag-europe","20":"tag-fbi","21":"tag-germany","22":"tag-hambourg","23":"tag-harcelement-sexuel","24":"tag-monde","25":"tag-news","26":"tag-pedocriminalite","27":"tag-republique-federale-dallemagne","28":"tag-suicide"},"share_on_mastodon":{"url":"https:\/\/pubeurope.com\/@fr\/114718802162243534","error":""},"_links":{"self":[{"href":"https:\/\/www.europesays.com\/fr\/wp-json\/wp\/v2\/posts\/192320","targetHints":{"allow":["GET"]}}],"collection":[{"href":"https:\/\/www.europesays.com\/fr\/wp-json\/wp\/v2\/posts"}],"about":[{"href":"https:\/\/www.europesays.com\/fr\/wp-json\/wp\/v2\/types\/post"}],"author":[{"embeddable":true,"href":"https:\/\/www.europesays.com\/fr\/wp-json\/wp\/v2\/users\/2"}],"replies":[{"embeddable":true,"href":"https:\/\/www.europesays.com\/fr\/wp-json\/wp\/v2\/comments?post=192320"}],"version-history":[{"count":0,"href":"https:\/\/www.europesays.com\/fr\/wp-json\/wp\/v2\/posts\/192320\/revisions"}],"wp:featuredmedia":[{"embeddable":true,"href":"https:\/\/www.europesays.com\/fr\/wp-json\/wp\/v2\/media\/192321"}],"wp:attachment":[{"href":"https:\/\/www.europesays.com\/fr\/wp-json\/wp\/v2\/media?parent=192320"}],"wp:term":[{"taxonomy":"category","embeddable":true,"href":"https:\/\/www.europesays.com\/fr\/wp-json\/wp\/v2\/categories?post=192320"},{"taxonomy":"post_tag","embeddable":true,"href":"https:\/\/www.europesays.com\/fr\/wp-json\/wp\/v2\/tags?post=192320"}],"curies":[{"name":"wp","href":"https:\/\/api.w.org\/{rel}","templated":true}]}}