{"id":192322,"date":"2025-06-21T01:39:11","date_gmt":"2025-06-21T01:39:11","guid":{"rendered":"https:\/\/www.europesays.com\/fr\/192322\/"},"modified":"2025-06-21T01:39:11","modified_gmt":"2025-06-21T01:39:11","slug":"bordeaux-begles-quand-leurope-ne-suffit-pas-a-son-bonheur","status":"publish","type":"post","link":"https:\/\/www.europesays.com\/fr\/192322\/","title":{"rendered":"Bordeaux-B\u00e8gles, quand l\u2019Europe ne suffit pas \u00e0 son bonheur\u2026"},"content":{"rendered":"<p><strong>D\u00c9CRYPTAGE &#8211; <\/strong>Apr\u00e8s avoir remport\u00e9 la Champions Cup, l\u2019UBB est en qu\u00eate d\u2019un premier sacre en championnat et d\u00e9fie Toulon ce samedi en demi-finale.<\/p>\n<p class=\"fig-paragraph\">Un premier chapitre de l\u2019histoire est d\u00e9j\u00e0 \u00e9crit. Un verrou a saut\u00e9. En remportant, fin mai,\u00a0<a href=\"http:\/\/www.lefigaro.fr\/sports\/rugby\/top-14\/top-14-moefana-et-coleman-seuls-finalistes-de-la-champions-cup-alignes-par-l-ubb-contre-toulon-20250531\" data-fig-type=\"NewsFlash\" data-gtm-custom-categorie=\"navigation\" data-gtm-custom-action=\"crossclick\" data-gtm-custom-label=\"Contextuel\" data-gtm-event=\"customEventSPE\" data-fig-domain=\"LEFIGARO\" target=\"_blank\" rel=\"noopener\">la Champions Cup<\/a>\u00a0face \u00e0 Northampton, l\u2019UBB est devenue la cinqui\u00e8me \u00e9quipe tricolore \u00e0 inscrire son nom au palmar\u00e8s de la comp\u00e9tition continentale apr\u00e8s Toulouse, Brive, Toulon et La\u00a0Rochelle. Mais, comme les Corr\u00e9ziens et les Maritimes, les Bordelais ont d\u00e9sormais la particularit\u00e9 d\u2019\u00eatre champions d\u2019Europe mais pas (encore) de France. Une \u00ab\u00a0bizarrerie\u00a0\u00bb que la troupe de\u00a0<a href=\"http:\/\/www.lefigaro.fr\/sports\/rugby\/coupe-d-europe\/yannick-bru-l-ubb-est-une-start-up-qui-commence-a-avoir-de-l-experience-20250522\" data-fig-type=\"Article\" data-gtm-custom-categorie=\"navigation\" data-gtm-custom-action=\"crossclick\" data-gtm-custom-label=\"Contextuel\" data-gtm-event=\"customEventSPE\" data-fig-domain=\"LEFIGARO\" target=\"_blank\" rel=\"noopener\">Yannick Bru<\/a>\u00a0est bien d\u00e9cid\u00e9e \u00e0 corriger. Deuxi\u00e8me de la saison r\u00e9guli\u00e8re, le club girondin s\u2019avance en favori, ce samedi soir (21\u00a0h\u00a005, Canal+), face au RC Toulon, pour sa cinqui\u00e8me demi-finale de Top 14 cons\u00e9cutive.<\/p>\n<p class=\"fig-paragraph\">Avec des certitudes. Contrairement aux quatre derni\u00e8res saisons, Bordeaux s\u2019est \u00e9vit\u00e9 la case barrages et a donc b\u00e9n\u00e9fici\u00e9 d\u2019une semaine de repos et de travail suppl\u00e9mentaire pour se pr\u00e9parer. Un atout fra\u00eecheur pas n\u00e9gligeable dans une saison \u00e0 rallonge, selon le manager Yannick Bru\u00a0: \u00ab\u00a0On a pu se reposer apr\u00e8s treize semaines d\u2019affil\u00e9e avec les phases finales de Coupe d\u2019Europe, car on arrivait \u00e0 un point o\u00f9 \u00e7a tirait sur les organismes. C\u2019\u00e9tait un luxe par rapport aux saisons pr\u00e9c\u00e9dentes. On a vu les matchs de barrage, la tension monte. On esp\u00e8re ne pas \u00eatre dans le dur au niveau du rythme.\u00a0\u00bb<\/p>\n<p class=\"fig-paragraph\">Dans le sprint final, il y a eu de la casse.\u00a0<a href=\"http:\/\/www.lefigaro.fr\/sports\/rugby\/top-14\/top-14-louis-bielle-biarrey-va-manquer-la-demi-finale-face-a-toulon-gros-coup-dur-pour-l-ubb-20250617\" data-fig-type=\"NewsFlash\" data-gtm-custom-categorie=\"navigation\" data-gtm-custom-action=\"crossclick\" data-gtm-custom-label=\"Contextuel\" data-gtm-event=\"customEventSPE\" data-fig-domain=\"LEFIGARO\" target=\"_blank\" rel=\"noopener\">Louis Bielle-Biarrey<\/a>, \u00ab\u00a0serial scoreur\u00a0\u00bb (33\u00a0essais en 29\u00a0rencontres cette saison, toutes comp\u00e9titions confondues, en club et en s\u00e9lection) a \u00e9t\u00e9 victime d\u2019une commotion et manquera le rendez-vous lyonnais du dernier carr\u00e9. Tout comme le solide deuxi\u00e8me ligne Adam Coleman, touch\u00e9 \u00e0 l\u2019\u00e9paule. Points positifs, deux internationaux touch\u00e9s lors de la finale europ\u00e9enne \u00e0 Cardiff sont de retour\u00a0: le demi de m\u00eal\u00e9e et capitaine Maxime Lucu (b\u00e9quille), remarquable depuis le dernier Tournoi des six nations, et l\u2019arri\u00e8re Romain Buros (ischio-jambiers).<\/p>\n<p class=\"fig-body-link\">\n            \u00c0 lire aussi<br \/>\n        <a class=\"fig-body-link__link\" href=\"http:\/\/www.lefigaro.fr\/sports\/rugby\/top-14\/top-14-jalibert-est-dans-la-meilleure-annee-de-sa-carriere-salue-le-capitaine-de-l-ubb-maxime-lucu-20250620\" data-fig-type=\"NewsFlash\" data-gtm-custom-categorie=\"navigation\" data-gtm-custom-action=\"crossclick\" data-gtm-custom-label=\"Contextuel\" data-gtm-event=\"customEventSPE\" data-fig-domain=\"LEFIGARO\" target=\"_blank\" rel=\"noopener\">Top 14\u00a0: \u00abJalibert est dans la meilleure ann\u00e9e de sa carri\u00e8re\u00bb, salue le capitaine de l\u2019UBB, Maxime Lucu<br \/>\n    <\/a>\n<\/p>\n<p>Nouveau statut \u00e0 assumer<\/p>\n<p class=\"fig-paragraph\">Le tout sera de savoir si l\u2019Union Bordeaux-B\u00e8gles en veut encore plus ou si elle aura encore la t\u00eate aux longues f\u00eates qui ont suivi ce premier sacre continental. \u00ab\u00a0J\u2019ai le sentiment que les joueurs ont envie de prolonger l\u2019aventure de quelques semaines et de garder cette atmosph\u00e8re qui est un m\u00e9lange de bonheur, d\u2019insouciance et, aussi, d\u2019esprit de comp\u00e9tition\u00a0\u00bb, confie Yannick Bru. Du c\u00f4t\u00e9 de son rival,\u00a0<a href=\"http:\/\/www.lefigaro.fr\/sports\/rugby\/top-14\/top-14-je-sens-que-l-equipe-progresse-apprecie-pierre-mignoni-rct-20250216\" data-fig-type=\"NewsFlash\" data-gtm-custom-categorie=\"navigation\" data-gtm-custom-action=\"crossclick\" data-gtm-custom-label=\"Contextuel\" data-gtm-event=\"customEventSPE\" data-fig-domain=\"LEFIGARO\" target=\"_blank\" rel=\"noopener\">Pierre Mignoni<\/a>, qui \u00e9tait d\u00e9j\u00e0 dans le staff de Toulon \u00e0 l\u2019\u00e9poque de l\u2019historique tripl\u00e9 entre 2013 et 2015, rappelle qu\u2019il a d\u00e9j\u00e0 connu des rel\u00e2chements apr\u00e8s des sacres continentaux\u00a0: \u00ab\u00a0Quand tu es champion d\u2019Europe, je sais la force et la puissance que \u00e7a peut te donner, et aussi la faiblesse.\u00a0\u00bb<\/p>\n<p class=\"fig-paragraph\">Dans leur progression express et leur volont\u00e9 de mettre toutes les chances de leur c\u00f4t\u00e9, les Girondins se sont attach\u00e9 les services, cette ann\u00e9e, d\u2019un pr\u00e9parateur mental, \u00c9ric Blondeau. Cr\u00e9er une culture de la gagne. R\u00e9duire tout ce qui peut parasiter la performance. \u00ab\u00a0On a travaill\u00e9 sur nos comportements apr\u00e8s des essais ou des cartons jaunes conc\u00e9d\u00e9s, par exemple\u2026 \u00c7a nous a permis de progresser sur de petits d\u00e9tails qui sont importants en phases finales, d\u00e9taille le capitaine\u00a0<a href=\"http:\/\/www.lefigaro.fr\/sports\/rugby\/coupe-d-europe\/champions-cup-touche-a-la-cuisse-maxime-lucu-en-fauteuil-roulant-a-la-parade-de-l-ubb-en-video-20250525\" data-fig-type=\"NewsFlash\" data-gtm-custom-categorie=\"navigation\" data-gtm-custom-action=\"crossclick\" data-gtm-custom-label=\"Contextuel\" data-gtm-event=\"customEventSPE\" data-fig-domain=\"LEFIGARO\" target=\"_blank\" rel=\"noopener\">Maxime Lucu<\/a>. Il nous a \u00e9galement inculqu\u00e9 des mani\u00e8res de nous rassembler, pour transformer le n\u00e9gatif en positif, ou, au contraire, de penser \u00e0 l\u2019action d\u2019apr\u00e8s quand il y a du positif. On reste une \u00e9quipe jeune, on a besoin de progresser l\u00e0-dessus.\u00a0\u00bb<\/p>\n<p class=\"fig-paragraph\">Les Bordelais sont certes \u00ab\u00a0jeunes\u00a0\u00bb (le club a \u00e9t\u00e9 cr\u00e9\u00e9 en 2006 avant d\u2019\u00eatre promu en Top 14 en 2011), mais ils ont d\u00e9sormais un nouveau statut \u00e0 assumer. De chasseurs ils sont devenus chass\u00e9s. Tout le monde veut s\u2019offrir le scalp du tout frais champion d\u2019Europe. Le faire rapidement redescendre de son pi\u00e9destal. \u00ab\u00a0Ce serait tr\u00e8s dangereux de penser que, parce qu\u2019on est champions d\u2019Europe, quelque chose nous est d\u00fb en championnat\u00a0\u00bb, pr\u00e9vient le pilier Jefferson Poirot. Et de poursuivre, m\u00e9fiant\u00a0: \u00ab\u00a0Nous n\u2019avons pas plus de certitudes, \u00e0 part un peu de fra\u00eecheur. Aujourd\u2019hui, on est encore des puceaux en Top 14, on n\u2019a rien gagn\u00e9. Et on va jouer une \u00e9quipe de Toulon qui a marqu\u00e9 l\u2019histoire de ce championnat, contrairement \u00e0 nous.\u00a0\u00bb<\/p>\n<p class=\"fig-body-link\">\n            \u00c0 lire aussi<br \/>\n        <a class=\"fig-body-link__link\" href=\"http:\/\/www.lefigaro.fr\/sports\/rugby\/top-14\/rugby-selon-un-sondage-le-top-14-plus-apprecie-que-la-ligue-1-20250620\" data-fig-type=\"NewsFlash\" data-gtm-custom-categorie=\"navigation\" data-gtm-custom-action=\"crossclick\" data-gtm-custom-label=\"Contextuel\" data-gtm-event=\"customEventSPE\" data-fig-domain=\"LEFIGARO\" target=\"_blank\" rel=\"noopener\">Rugby\u00a0: selon un sondage, le Top 14 plus appr\u00e9ci\u00e9 que la Ligue 1<br \/>\n    <\/a>\n<\/p>\n<p>La qu\u00eate d\u2019un incroyable doubl\u00e9<\/p>\n<p class=\"fig-paragraph\">Dans la fournaise du Groupama Stadium (plus de 30\u00a0\u00b0C annonc\u00e9s \u00e0 l\u2019heure du coup d\u2019envoi), les Bordelais, avant de songer \u00e0 d\u00e9ployer leur flamboyant jeu offensif, vont devoir enfiler le bleu de chauffe. Batailler ferme, devant, contre les gros bras du RCT. En demi-finale de la Champions Cup, ils avaient r\u00e9ussi \u00e0 faire d\u00e9railler les Toulousains en livrant un furieux combat sur tous les points d\u2019affrontement. Contre des Toulonnais revenus \u00e0 leurs ancestrales valeurs de combattants, il faudra \u00e0 nouveau faire front. \u00ab\u00a0On est une \u00e9quipe qui a besoin de batailler dans les zones de rucks (pour sortir rapidement les ballons, NDLR). Quand on passe \u00e0 c\u00f4t\u00e9 de cet aspect-l\u00e0 du jeu, les matchs sont tr\u00e8s compliqu\u00e9s pour nous et on subit beaucoup\u00a0\u00bb, reconna\u00eet le talonneur girondin, Maxime Lamothe.<\/p>\n<p class=\"fig-paragraph\">Dans la qu\u00eate d\u2019un incroyable doubl\u00e9 Coupe d\u2019Europe-championnat que seuls Toulouse (1996, 2021, 2024) et Toulon (2014) ont accompli, il faudra en passer par l\u00e0. Le troisi\u00e8me ligne Bastien Vergnes-Taillefer trace la route\u00a0: \u00ab\u00a0Il faut se servir de ce titre europ\u00e9en pour r\u00e9it\u00e9rer ces performances en Top 14. Il faut se rappeler ce qu\u2019on a v\u00e9cu en Champions Cup. Il nous reste deux matchs pour vivre les m\u00eames \u00e9motions.\u00a0\u00bb L\u2019UBB n\u2019est pas rassasi\u00e9. L\u2019app\u00e9tit vient en mangeant avec un d\u00e9voreur d\u2019espaces hors pair,\u00a0<a href=\"http:\/\/www.lefigaro.fr\/sports\/rugby\/coupe-d-europe\/l-ubb-remporte-sa-premiere-champions-cup-quelle-putain-d-histoire-savoure-un-jalibert-emu-20250524\" data-fig-type=\"NewsFlash\" data-gtm-custom-categorie=\"navigation\" data-gtm-custom-action=\"crossclick\" data-gtm-custom-label=\"Contextuel\" data-gtm-event=\"customEventSPE\" data-fig-domain=\"LEFIGARO\" target=\"_blank\" rel=\"noopener\">Matthieu Jalibert<\/a>. Son comp\u00e8re Maxime Lucu balise le chemin\u00a0: \u00ab\u00a0Le travail du huit de devant lui permet d\u2019avoir des ballons dans les bonnes dispositions. Plus on arrivera \u00e0 le faire et mieux Matthieu se sentira. Il est dans sa meilleure ann\u00e9e depuis qu\u2019il est professionnel \u00e0 l\u2019UBB.\u00a0\u00bb<\/p>\n","protected":false},"excerpt":{"rendered":"D\u00c9CRYPTAGE &#8211; Apr\u00e8s avoir remport\u00e9 la Champions Cup, l\u2019UBB est en qu\u00eate d\u2019un premier sacre en championnat et&hellip;\n","protected":false},"author":2,"featured_media":192323,"comment_status":"","ping_status":"","sticky":false,"template":"","format":"standard","meta":{"footnotes":""},"categories":[1586],"tags":[11,525,4590,1981,2313,814,1777,674,1011,27,955,24802,12,4589,2311,3461,25,1980,479,2259,478,2310,2312,4364],"class_list":{"0":"post-192322","1":"post","2":"type-post","3":"status-publish","4":"format-standard","5":"has-post-thumbnail","7":"category-europe","8":"tag-actualites","9":"tag-calendrier","10":"tag-championnat-france","11":"tag-classement","12":"tag-clermont","13":"tag-direct","14":"tag-eu","15":"tag-europe","16":"tag-fr","17":"tag-france","18":"tag-match","19":"tag-matthieu-jalibert","20":"tag-news","21":"tag-phase-finale","22":"tag-racing","23":"tag-rct","24":"tag-republique-francaise","25":"tag-resultats","26":"tag-rugby","27":"tag-score","28":"tag-top-14","29":"tag-toulon","30":"tag-toulouse","31":"tag-ubb"},"share_on_mastodon":{"url":"https:\/\/pubeurope.com\/@fr\/114718806113523989","error":""},"_links":{"self":[{"href":"https:\/\/www.europesays.com\/fr\/wp-json\/wp\/v2\/posts\/192322","targetHints":{"allow":["GET"]}}],"collection":[{"href":"https:\/\/www.europesays.com\/fr\/wp-json\/wp\/v2\/posts"}],"about":[{"href":"https:\/\/www.europesays.com\/fr\/wp-json\/wp\/v2\/types\/post"}],"author":[{"embeddable":true,"href":"https:\/\/www.europesays.com\/fr\/wp-json\/wp\/v2\/users\/2"}],"replies":[{"embeddable":true,"href":"https:\/\/www.europesays.com\/fr\/wp-json\/wp\/v2\/comments?post=192322"}],"version-history":[{"count":0,"href":"https:\/\/www.europesays.com\/fr\/wp-json\/wp\/v2\/posts\/192322\/revisions"}],"wp:featuredmedia":[{"embeddable":true,"href":"https:\/\/www.europesays.com\/fr\/wp-json\/wp\/v2\/media\/192323"}],"wp:attachment":[{"href":"https:\/\/www.europesays.com\/fr\/wp-json\/wp\/v2\/media?parent=192322"}],"wp:term":[{"taxonomy":"category","embeddable":true,"href":"https:\/\/www.europesays.com\/fr\/wp-json\/wp\/v2\/categories?post=192322"},{"taxonomy":"post_tag","embeddable":true,"href":"https:\/\/www.europesays.com\/fr\/wp-json\/wp\/v2\/tags?post=192322"}],"curies":[{"name":"wp","href":"https:\/\/api.w.org\/{rel}","templated":true}]}}